{"id":2608,"date":"2016-06-29T18:38:14","date_gmt":"2016-06-29T16:38:14","guid":{"rendered":"http:\/\/das.raumtuning.info\/?p=2608"},"modified":"2020-04-25T18:29:03","modified_gmt":"2020-04-25T16:29:03","slug":"mit-dem-ground-optimizer-einen-lautsprecher-entstoeren","status":"publish","type":"post","link":"https:\/\/das.raumtuning.info\/?p=2608","title":{"rendered":"Mit dem Ground Optimizer einen Lautsprecher entst\u00f6ren","gt_translate_keys":[{"key":"rendered","format":"text"}]},"content":{"rendered":"<p>Das Video zeigt wie man mit einem Ground Optimizer einen Lautsprecher entst\u00f6rt.<\/p>\n\n\n<h4 class=\"wp-block-heading\">Video aus der Reihe short and simple, alles \u00fcber den Ground Optimizer<\/h4>\n\n\n\n<figure class=\"wp-block-embed-youtube wp-block-embed is-type-video is-provider-youtube wp-embed-aspect-16-9 wp-has-aspect-ratio\"><div class=\"wp-block-embed__wrapper\">\n<span class=\"embed-youtube\" style=\"text-align:center; display: block;\"><iframe class=\"youtube-player\" width=\"640\" height=\"360\" src=\"https:\/\/www.youtube.com\/embed\/GKs_T0mesWI?version=3&#038;rel=1&#038;showsearch=0&#038;showinfo=1&#038;iv_load_policy=1&#038;fs=1&#038;hl=de-DE&#038;autohide=2&#038;wmode=transparent\" allowfullscreen=\"true\" style=\"border:0;\" sandbox=\"allow-scripts allow-same-origin allow-popups allow-presentation\"><\/iframe><\/span>\n<\/div><\/figure>\n","protected":false,"gt_translate_keys":[{"key":"rendered","format":"html"}]},"excerpt":{"rendered":"<p>Das Video zeigt wie man mit einem Ground Optimizer einen Lautsprecher entst\u00f6rt. Video aus der Reihe short and simple, alles \u00fcber den Ground Optimizer<\/p>\n","protected":false,"gt_translate_keys":[{"key":"rendered","format":"html"}]},"author":1,"featured_media":2611,"comment_status":"open","ping_status":"closed","sticky":false,"template":"","format":"video","meta":{"jetpack_post_was_ever_published":false,"footnotes":"","jetpack_publicize_message":"","jetpack_is_tweetstorm":false,"jetpack_publicize_feature_enabled":true,"jetpack_social_post_already_shared":true,"jetpack_social_options":[]},"categories":[1],"tags":[],"class_list":["post-2608","post","type-post","status-publish","format-video","has-post-thumbnail","hentry","category-uncategorized","post_format-post-format-video","has-post-video"],"jetpack_publicize_connections":[],"aioseo_notices":[],"jetpack_featured_media_url":"https:\/\/i0.wp.com\/das.raumtuning.info\/wp-content\/uploads\/2016\/06\/Vortex-HiFi-Video-1.jpeg?fit=2160%2C2160&ssl=1","jetpack_sharing_enabled":true,"jetpack_shortlink":"https:\/\/wp.me\/p4hjs0-G4","jetpack-related-posts":[{"id":3123,"url":"https:\/\/das.raumtuning.info\/?p=3123","url_meta":{"origin":2608,"position":0},"title":"&#8230; nicht zu tr\u00e4umen gewagt habe.","date":"4. Dezember 2017","format":false,"excerpt":"Warum haben wir Ground Optimizer mit 5 Ger\u00e4teanschl\u00fcssen auf einen Stromstecker? In der High End HiFi \u2013 Technik gilt seit je her eine sternf\u00f6rmige Masse als der Inbegriff der perfekten Massef\u00fchrung in Ger\u00e4ten. Was ist aber mit der Masseverbindung zwischen den Ger\u00e4ten? Hier haben wir erheblich unterschiedlichere Potentiale als innerhalb\u2026","rel":"","context":"In &quot;Kundenmeinung&quot;","img":{"alt_text":"","src":"https:\/\/i0.wp.com\/das.raumtuning.info\/wp-content\/uploads\/2015\/12\/short-and-simple-Ground-Optimizer.jpeg?fit=1200%2C675&ssl=1&resize=350%2C200","width":350,"height":200},"classes":[]},{"id":2112,"url":"https:\/\/das.raumtuning.info\/?p=2112","url_meta":{"origin":2608,"position":1},"title":"Termine: Norbert Maurer life","date":"17. Oktober 2015","format":false,"excerpt":"2020 - Aktuelle Termine Aufgrund der Infektionsgefahrt mit dem Coronavirus sind alle Workshops incl. dem Termin Anfang April abgesagt! Ziel der Workshops ist es, die Vortex HiFi Produkte erlebbar zu machen. Die neuen Vortex HiFi Produkte haben aber einen so un-glaublichen Einfluss auf Ihre K\u00f6rperkommunikation, dass wir dies mit Hilfe\u2026","rel":"","context":"In &quot;Produkte&quot;","img":{"alt_text":"","src":"https:\/\/i0.wp.com\/das.raumtuning.info\/wp-content\/uploads\/2015\/10\/norbert-maurer-kopf-2.jpg?fit=850%2C1200&ssl=1&resize=350%2C200","width":350,"height":200},"classes":[]},{"id":2323,"url":"https:\/\/das.raumtuning.info\/?p=2323","url_meta":{"origin":2608,"position":2},"title":"Die Klangrevolution &#8211; Vortex HiFi Ground Optimizer","date":"10. Februar 2016","format":false,"excerpt":"NEU Vortex HiFi Ground Optimizer Nach all unseren Forschungen\u00a0 sind die Massest\u00f6rungen der Hauptfaktor f\u00fcr schlechten Klang. Daher haben wir spezielle Kabel, Ger\u00e4teplugs und auch Entst\u00f6rmittel entwickelt, um die Symptome an der HiFi-Anlage zu beseitigen. Video aus der Reihe short and simple, alles \u00fcber den Ground Optimizer https:\/\/youtu.be\/GKs_T0mesWI Der Ground\u2026","rel":"","context":"With 2 comments","img":{"alt_text":"","src":"https:\/\/i0.wp.com\/das.raumtuning.info\/wp-content\/uploads\/2015\/12\/Vortex-HiFi-Ground-Optimizer.jpeg?fit=1200%2C675&ssl=1&resize=350%2C200","width":350,"height":200},"classes":[]},{"id":4670,"url":"https:\/\/das.raumtuning.info\/?p=4670","url_meta":{"origin":2608,"position":3},"title":"Vortex HiFi Workshop bei fastaudio Struttgart am 27. und 28. September","date":"14. September 2019","format":false,"excerpt":"Weltpremiere LS 6 Vario Lautsprecherkabel Norbert Maurer das Mastermind von Vortex HiFi ist am 27. und 28. September bei fastaudio, Thomas Fast in seinen HiFi-Studios in der Br\u00e4hlesgasse 21, Stuttgart (Bad Cannstatt) zu Gast.\u00a0 Neben vielen Raumtuningstools zur Entst\u00f6rung gibt es eine Weltpremiere zu sehen, das neue LS 6 Vario\u2026","rel":"","context":"In &quot;Neuheit&quot;","img":{"alt_text":"","src":"https:\/\/i0.wp.com\/das.raumtuning.info\/wp-content\/uploads\/2013\/12\/nm-augen.jpg?fit=1124%2C208&ssl=1&resize=350%2C200","width":350,"height":200},"classes":[]},{"id":4869,"url":"https:\/\/das.raumtuning.info\/?p=4869","url_meta":{"origin":2608,"position":4},"title":"Blitzblanker Klang durch antistatik Bienenwachs","date":"24. M\u00e4rz 2020","format":false,"excerpt":"Vortex HiFi Surface Optimizer 50 ml Wie wir in unserer Information zur Klangpflege beschrieben haben ist ein deutlicher Klangfaktor die statische Ladung auf allen Oberfl\u00e4chen aus Glas, CD\u00b4s, DVD\u00b4s, Kunststoff (Kabel) aber auch lackierten H\u00f6lzern. Ein Griff zum nebelfeuchten Tuch und alle Fl\u00e4chen mit statischer Ladung abwischen und schon ist\u2026","rel":"","context":"Similar post","img":{"alt_text":"","src":"https:\/\/i0.wp.com\/das.raumtuning.info\/wp-content\/uploads\/2020\/03\/vortex-hifi-surface-optimizer-statische-aufladung-nachhaltig-mindern-varbild-29314.jpeg?fit=1200%2C1200&ssl=1&resize=350%2C200","width":350,"height":200},"classes":[]},{"id":3928,"url":"https:\/\/das.raumtuning.info\/?p=3928","url_meta":{"origin":2608,"position":5},"title":"Vortex HiFi Neuheiten life erleben","date":"21. November 2018","format":false,"excerpt":"Letzte Neuheiten-Demo 2018 Samstag den 24. November 2018 und\u00a0Sonntag den 25. November 2018, findet der letzte Neuheiten - Workshop in diesem Jahr statt. Gastgeber ist Horst Insten von\u00a0ONOFF HiFi. Der Veranstaltungsort ist in der\u00a0Brodenbacher Str. 16, 56154 Boppard.\u00a0Aufgrund der begrenzten Teilnehmerzahl wird um Anmeldung gebeten. Diamant-Standard jetzt auch bei Standardentst\u00f6rmitteln\u2026","rel":"","context":"Similar post","img":{"alt_text":"","src":"https:\/\/i0.wp.com\/das.raumtuning.info\/wp-content\/uploads\/2018\/11\/Diamant.jpg?fit=1200%2C760&ssl=1&resize=350%2C200","width":350,"height":200},"classes":[]}],"gt_translate_keys":[{"key":"link","format":"url"}],"_links":{"self":[{"href":"https:\/\/das.raumtuning.info\/index.php?rest_route=\/wp\/v2\/posts\/2608","targetHints":{"allow":["GET"]}}],"collection":[{"href":"https:\/\/das.raumtuning.info\/index.php?rest_route=\/wp\/v2\/posts"}],"about":[{"href":"https:\/\/das.raumtuning.info\/index.php?rest_route=\/wp\/v2\/types\/post"}],"author":[{"embeddable":true,"href":"https:\/\/das.raumtuning.info\/index.php?rest_route=\/wp\/v2\/users\/1"}],"replies":[{"embeddable":true,"href":"https:\/\/das.raumtuning.info\/index.php?rest_route=%2Fwp%2Fv2%2Fcomments&post=2608"}],"version-history":[{"count":2,"href":"https:\/\/das.raumtuning.info\/index.php?rest_route=\/wp\/v2\/posts\/2608\/revisions"}],"predecessor-version":[{"id":4965,"href":"https:\/\/das.raumtuning.info\/index.php?rest_route=\/wp\/v2\/posts\/2608\/revisions\/4965"}],"wp:featuredmedia":[{"embeddable":true,"href":"https:\/\/das.raumtuning.info\/index.php?rest_route=\/wp\/v2\/media\/2611"}],"wp:attachment":[{"href":"https:\/\/das.raumtuning.info\/index.php?rest_route=%2Fwp%2Fv2%2Fmedia&parent=2608"}],"wp:term":[{"taxonomy":"category","embeddable":true,"href":"https:\/\/das.raumtuning.info\/index.php?rest_route=%2Fwp%2Fv2%2Fcategories&post=2608"},{"taxonomy":"post_tag","embeddable":true,"href":"https:\/\/das.raumtuning.info\/index.php?rest_route=%2Fwp%2Fv2%2Ftags&post=2608"}],"curies":[{"name":"wp","href":"https:\/\/api.w.org\/{rel}","templated":true}]}}