{"id":3136,"date":"2017-12-10T19:30:03","date_gmt":"2017-12-10T18:30:03","guid":{"rendered":"http:\/\/das.raumtuning.info\/?p=3136"},"modified":"2021-12-06T18:00:13","modified_gmt":"2021-12-06T17:00:13","slug":"vortex-hifi-workshop-video-von-audiophil-online","status":"publish","type":"post","link":"https:\/\/das.raumtuning.info\/?p=3136","title":{"rendered":"Vortex HiFi Workshop Video von audiophil-online","gt_translate_keys":[{"key":"rendered","format":"text"}]},"content":{"rendered":"<h1>Vortex HiFi Workshop bei fastaudio am 1. und 2. Dezember 2017<\/h1>\n<p>Vielen Dank f\u00fcr das gro\u00dfe Interesse am Vortex HiFi &#8211; Workshop bei fastaudio am 1- und 2. Dezember. Es hat viel Spa\u00df gemacht.<\/p>\n<p>Herr Karl Belkner von audiophil &#8211; online hat einen<a href=\"http:\/\/www.audiophil-online.de\/event\/vortex-hifi-workshop-elektrosmog.html\"> Bericht<\/a> \u00fcber den Workshop ver\u00f6ffentlicht und vom Workshop ein Video gedreht und Online gestellt. Das Video zeigt eine kurze Einf\u00fchrung warum Thomas Fast von fastaudio sich mit Vortex HiFi besch\u00e4ftigt und warum wir Vortex HiFi &#8211; Produkte entwickelt haben.<\/p>\n<p>Viel Spa\u00df beim Video schauen.<\/p>\n<p><span class=\"embed-youtube\" style=\"text-align:center; display: block;\"><iframe class=\"youtube-player\" width=\"640\" height=\"360\" src=\"https:\/\/www.youtube.com\/embed\/GOZsUeDlqcU?version=3&#038;rel=1&#038;showsearch=0&#038;showinfo=1&#038;iv_load_policy=1&#038;fs=1&#038;hl=de-DE&#038;autohide=2&#038;wmode=transparent\" allowfullscreen=\"true\" style=\"border:0;\" sandbox=\"allow-scripts allow-same-origin allow-popups allow-presentation\"><\/iframe><\/span><\/p>\n<p>&nbsp;<\/p>\n","protected":false,"gt_translate_keys":[{"key":"rendered","format":"html"}]},"excerpt":{"rendered":"<p>Vortex HiFi Workshop bei fastaudio am 1. und 2. Dezember 2017 Vielen Dank f\u00fcr das gro\u00dfe Interesse am Vortex HiFi &#8211; Workshop bei fastaudio am 1- und 2. Dezember. Es hat viel Spa\u00df gemacht. Herr Karl Belkner von audiophil &#8211; online hat einen Bericht \u00fcber den Workshop ver\u00f6ffentlicht und vom Workshop ein Video gedreht und Online gestellt. Das Video zeigt eine kurze Einf\u00fchrung warum Thomas Fast von fastaudio sich mit Vortex HiFi besch\u00e4ftigt und warum wir Vortex HiFi &#8211; Produkte&#8230;<\/p>\n<p class=\"read-more\"><a class=\"btn btn-default\" href=\"https:\/\/das.raumtuning.info\/?p=3136\">Weiterlesen<span class=\"screen-reader-text\"> Weiterlesen<\/span><\/a><\/p>\n","protected":false,"gt_translate_keys":[{"key":"rendered","format":"html"}]},"author":1,"featured_media":3137,"comment_status":"open","ping_status":"closed","sticky":false,"template":"","format":"standard","meta":{"jetpack_post_was_ever_published":false,"footnotes":"","jetpack_publicize_message":"","jetpack_is_tweetstorm":false,"jetpack_publicize_feature_enabled":true,"jetpack_social_post_already_shared":true,"jetpack_social_options":[]},"categories":[1],"tags":[],"class_list":["post-3136","post","type-post","status-publish","format-standard","has-post-thumbnail","hentry","category-uncategorized","has-post-video"],"jetpack_publicize_connections":[],"aioseo_notices":[],"jetpack_featured_media_url":"https:\/\/i0.wp.com\/das.raumtuning.info\/wp-content\/uploads\/2017\/12\/VORTEX-HIFI-Workshop-Elektrosmog-mit-Norbert-Mauerer.jpeg?fit=1280%2C720&ssl=1","jetpack_sharing_enabled":true,"jetpack_shortlink":"https:\/\/wp.me\/p4hjs0-OA","jetpack-related-posts":[{"id":4670,"url":"https:\/\/das.raumtuning.info\/?p=4670","url_meta":{"origin":3136,"position":0},"title":"Vortex HiFi Workshop bei fastaudio Struttgart am 27. und 28. September","date":"14. September 2019","format":false,"excerpt":"Weltpremiere LS 6 Vario Lautsprecherkabel Norbert Maurer das Mastermind von Vortex HiFi ist am 27. und 28. September bei fastaudio, Thomas Fast in seinen HiFi-Studios in der Br\u00e4hlesgasse 21, Stuttgart (Bad Cannstatt) zu Gast.\u00a0 Neben vielen Raumtuningstools zur Entst\u00f6rung gibt es eine Weltpremiere zu sehen, das neue LS 6 Vario\u2026","rel":"","context":"In &quot;Neuheit&quot;","img":{"alt_text":"","src":"https:\/\/i0.wp.com\/das.raumtuning.info\/wp-content\/uploads\/2013\/12\/nm-augen.jpg?fit=1124%2C208&ssl=1&resize=350%2C200","width":350,"height":200},"classes":[]},{"id":3830,"url":"https:\/\/das.raumtuning.info\/?p=3830","url_meta":{"origin":3136,"position":1},"title":"Willkommen auf den S\u00fcddeutschen HiFi Tagen","date":"23. August 2018","format":false,"excerpt":"Vortex HiFi bei fastaudio auf der H\u00f6rtest 2018 am 08. und 09. September 2018 Treffen Sie Norbert Maurer auf der H\u00f6rtest 2018 \u2013 die S\u00fcddeutschen HiFi-Tage in den R\u00e4umen von fastaudio. Ort: Holiday Inn Stuttgart, Mittlerer Pfad 25-27, 70499 Stuttgart Sie finden uns im 4.Stock, in den R\u00e4umen 406 und\u2026","rel":"","context":"In &quot;Workshop&quot;","img":{"alt_text":"","src":"https:\/\/i0.wp.com\/das.raumtuning.info\/wp-content\/uploads\/2018\/08\/Banner-S\u00fcddeutsche-HiFi-Tage.jpg?fit=970%2C250&ssl=1&resize=350%2C200","width":350,"height":200},"classes":[]},{"id":4617,"url":"https:\/\/das.raumtuning.info\/?p=4617","url_meta":{"origin":3136,"position":2},"title":"S\u00fcddeutsche HiFi &#8211; Tage mit Vortex HiFi","date":"3. September 2019","format":false,"excerpt":"Lieber Musikh\u00f6rer, Vortex HiFi ist am 7. und 8. September auf den S\u00fcddeutschen HiFi Tagen bei Thomas Fast zu Gast. In den R\u00e4umen 223 und 225 von fastaudio k\u00f6nnen Sie eine gro\u00dfe Auswahl unserer Raumoptimierungstools h\u00f6ren und sehen. Im Raum 223 finden den ganzen Tag Demonstrationen einzelner Entst\u00f6rungstools statt. Dabei\u2026","rel":"","context":"In &quot;Ausstellung&quot;","img":{"alt_text":"","src":"https:\/\/i0.wp.com\/das.raumtuning.info\/wp-content\/uploads\/2013\/12\/nm-augen.jpg?fit=1124%2C208&ssl=1&resize=350%2C200","width":350,"height":200},"classes":[]},{"id":2112,"url":"https:\/\/das.raumtuning.info\/?p=2112","url_meta":{"origin":3136,"position":3},"title":"Termine: Norbert Maurer life","date":"17. Oktober 2015","format":false,"excerpt":"2020 - Aktuelle Termine Aufgrund der Infektionsgefahrt mit dem Coronavirus sind alle Workshops incl. dem Termin Anfang April abgesagt! Ziel der Workshops ist es, die Vortex HiFi Produkte erlebbar zu machen. Die neuen Vortex HiFi Produkte haben aber einen so un-glaublichen Einfluss auf Ihre K\u00f6rperkommunikation, dass wir dies mit Hilfe\u2026","rel":"","context":"In &quot;Produkte&quot;","img":{"alt_text":"","src":"https:\/\/i0.wp.com\/das.raumtuning.info\/wp-content\/uploads\/2015\/10\/norbert-maurer-kopf-2.jpg?fit=850%2C1200&ssl=1&resize=350%2C200","width":350,"height":200},"classes":[]},{"id":4810,"url":"https:\/\/das.raumtuning.info\/?p=4810","url_meta":{"origin":3136,"position":4},"title":"2020 Vortex HiFi Neuheiten-Workshops mit Norbert Maurer","date":"3. M\u00e4rz 2020","format":false,"excerpt":"Aufgrund der Infektionsgefahr mit dem Coronavirus sind alle Workshops incl. dem Termin Anfang April abgesagt! Ziel der Workshops ist es, die Vortex HiFi Produkte erlebbar zu machen. Die neuen Vortex HiFi Produkte haben aber einen so un-glaublichen Einfluss auf Ihre K\u00f6rperkommunikation, dass wir dies mit Hilfe von kinesiologischen Tests und\u2026","rel":"","context":"In &quot;Workshop&quot;","img":{"alt_text":"","src":"https:\/\/i0.wp.com\/img.youtube.com\/vi\/FBTC-P3Kg0g\/0.jpg?resize=350%2C200","width":350,"height":200},"classes":[]},{"id":3511,"url":"https:\/\/das.raumtuning.info\/?p=3511","url_meta":{"origin":3136,"position":5},"title":"Workshop Nachlese On\/Off HiFi","date":"14. Juni 2018","format":false,"excerpt":"\"Wer nicht da war hat einiges vers\u00e4umt, der Unterschied zu den bisherigen Workshops ist heftig,\" \u00a0Zitat Horst Insten - Inhaber On\/Off Am 13. und 14. April durfte ich einen Workshop bei On\/Off - HiFi in Boppard durchf\u00fchren. Ich durfte die ganze Klaviatur von Vortex HiFi Optimierungen vorf\u00fchren. Es machte wieder\u2026","rel":"","context":"In &quot;Kundenmeinung&quot;","img":{"alt_text":"","src":"https:\/\/i0.wp.com\/das.raumtuning.info\/wp-content\/uploads\/2013\/12\/nm-augen.jpg?fit=1124%2C208&ssl=1&resize=350%2C200","width":350,"height":200},"classes":[]}],"gt_translate_keys":[{"key":"link","format":"url"}],"_links":{"self":[{"href":"https:\/\/das.raumtuning.info\/index.php?rest_route=\/wp\/v2\/posts\/3136","targetHints":{"allow":["GET"]}}],"collection":[{"href":"https:\/\/das.raumtuning.info\/index.php?rest_route=\/wp\/v2\/posts"}],"about":[{"href":"https:\/\/das.raumtuning.info\/index.php?rest_route=\/wp\/v2\/types\/post"}],"author":[{"embeddable":true,"href":"https:\/\/das.raumtuning.info\/index.php?rest_route=\/wp\/v2\/users\/1"}],"replies":[{"embeddable":true,"href":"https:\/\/das.raumtuning.info\/index.php?rest_route=%2Fwp%2Fv2%2Fcomments&post=3136"}],"version-history":[{"count":6,"href":"https:\/\/das.raumtuning.info\/index.php?rest_route=\/wp\/v2\/posts\/3136\/revisions"}],"predecessor-version":[{"id":6115,"href":"https:\/\/das.raumtuning.info\/index.php?rest_route=\/wp\/v2\/posts\/3136\/revisions\/6115"}],"wp:featuredmedia":[{"embeddable":true,"href":"https:\/\/das.raumtuning.info\/index.php?rest_route=\/wp\/v2\/media\/3137"}],"wp:attachment":[{"href":"https:\/\/das.raumtuning.info\/index.php?rest_route=%2Fwp%2Fv2%2Fmedia&parent=3136"}],"wp:term":[{"taxonomy":"category","embeddable":true,"href":"https:\/\/das.raumtuning.info\/index.php?rest_route=%2Fwp%2Fv2%2Fcategories&post=3136"},{"taxonomy":"post_tag","embeddable":true,"href":"https:\/\/das.raumtuning.info\/index.php?rest_route=%2Fwp%2Fv2%2Ftags&post=3136"}],"curies":[{"name":"wp","href":"https:\/\/api.w.org\/{rel}","templated":true}]}}