{"id":3422,"date":"2018-02-01T15:55:45","date_gmt":"2018-02-01T14:55:45","guid":{"rendered":"http:\/\/das.raumtuning.info\/?p=3422"},"modified":"2020-04-26T16:47:23","modified_gmt":"2020-04-26T14:47:23","slug":"vibration-naturalizer-geraetefuesse-von-vortex-hifi","status":"publish","type":"post","link":"https:\/\/das.raumtuning.info\/?p=3422","title":{"rendered":"Vibration Naturalizer Ger\u00e4tef\u00fc\u00dfe von Vortex HiFi","gt_translate_keys":[{"key":"rendered","format":"text"}]},"content":{"rendered":"<h1><em>&#8220;Gro\u00dfes Staunen und wiederum die Erkenntnis, dass Sie offenh\u00f6rlich wissen was Sie tun&#8230;&#8221;<\/em><\/h1>\n<hr \/>\n<p><strong>Dieses Video aus der Reihe <em>short and simple<\/em> erkl\u00e4rt die wichtigsten Eigenschaften und die Anwendung der Vortex HiFi Ger\u00e4tef\u00fc\u00dfe.<\/strong><\/p>\n<p><span class=\"embed-youtube\" style=\"text-align:center; display: block;\"><iframe class=\"youtube-player\" width=\"640\" height=\"360\" src=\"https:\/\/www.youtube.com\/embed\/4CA8W_5tvSk?version=3&#038;rel=1&#038;showsearch=0&#038;showinfo=1&#038;iv_load_policy=1&#038;fs=1&#038;hl=de-DE&#038;autohide=2&#038;wmode=transparent\" allowfullscreen=\"true\" style=\"border:0;\" sandbox=\"allow-scripts allow-same-origin allow-popups allow-presentation\"><\/iframe><\/span><\/p>\n<hr \/>\n<p>Wir freuen uns, unsere Ger\u00e4tef\u00fc\u00dfe, Lautsprecherf\u00fc\u00dfe und Kabellifter in Vibration Naturalizer &#8211; Technik vorzustellen. Wir haben dabei &#8220;Ger\u00e4tef\u00fc\u00dfe&#8221; v\u00f6llig neu gedacht und mit unseren Erkentnissen \u00fcber Dirty Power und Vibrationen zusammengef\u00fchrt. Herausgekommen sind einzigartige Klangkunstwerke, die selbst echte Musikprofis zu gro\u00dfem Staunen veranlassen.<\/p>\n<p>Ein echter Musikprofi, wie der Metallblasinstrumentenbauer und Diplom Musiker Thomas Kr\u00fcger vom \u2013 <strong><em>Das andere HiFi-Studio \u2013 <\/em><\/strong>schreibt \u00fcber seine 1. Begegnung mit den Vortex HiFi F\u00fc\u00dfen:<\/p>\n<blockquote><p>\u201cHallo Herr Maurer, habe gerade F\u00fc\u00dfe bekommen und selbige ausprobiert. Was soll ich sagen? Gro\u00dfes Staunen und wiederum die Erkenntnis, dass Sie offenh\u00f6rlich wissen was Sie tun.\u201d<\/p><\/blockquote>\n<p>Die Vortex HiFi Ger\u00e4tef\u00fc\u00dfe unterscheiden sich grunds\u00e4tzlich von allen auf dem Markt befindlichen Ger\u00e4tef\u00fc\u00dfen. Lesen Sie die 10 grunds\u00e4tzlichen Vorteile gegen\u00fcber allen anderen Ger\u00e4tef\u00fc\u00dfen:<\/p>\n<p>1. Vortex HiFi Ger\u00e4tef\u00fc\u00dfe sind anders \u2013 sie basieren auf Umweltmedizinischen, biologischen Erkenntnissen.<\/p>\n<p>2. Sie versuchen nicht die Ger\u00e4te weniger schwingen zu lassen, sondern nat\u00fcrlicher.<\/p>\n<p>3. Dazu verwenden die F\u00fc\u00dfe einen 3er Stand, der durch unterschiedlich gekoppelte F\u00fc\u00dfe Interferenzen zwischen den F\u00fc\u00dfen vermeidet.<\/p>\n<figure id=\"attachment_3306\" aria-describedby=\"caption-attachment-3306\" style=\"width: 3721px\" class=\"wp-caption aligncenter\"><a href=\"https:\/\/i0.wp.com\/das.raumtuning.info\/wp-content\/uploads\/2018\/01\/VN-45-DB-Natur-Set-Hintergrund-unscharf-zoom-1.jpg\"><img fetchpriority=\"high\" decoding=\"async\" data-attachment-id=\"3306\" data-permalink=\"https:\/\/das.raumtuning.info\/?attachment_id=3306\" data-orig-file=\"https:\/\/i0.wp.com\/das.raumtuning.info\/wp-content\/uploads\/2018\/01\/VN-45-DB-Natur-Set-Hintergrund-unscharf-zoom-1.jpg?fit=3721%2C2094&amp;ssl=1\" data-orig-size=\"3721,2094\" data-comments-opened=\"1\" data-image-meta=\"{&quot;aperture&quot;:&quot;4.6&quot;,&quot;credit&quot;:&quot;&quot;,&quot;camera&quot;:&quot;DMC-G70&quot;,&quot;caption&quot;:&quot;&quot;,&quot;created_timestamp&quot;:&quot;1516719183&quot;,&quot;copyright&quot;:&quot;&quot;,&quot;focal_length&quot;:&quot;20&quot;,&quot;iso&quot;:&quot;200&quot;,&quot;shutter_speed&quot;:&quot;0.008&quot;,&quot;title&quot;:&quot;&quot;,&quot;orientation&quot;:&quot;1&quot;}\" data-image-title=\"VN 45 DB Natur Set Hintergrund unscharf zoom\" data-image-description=\"\" data-image-caption=\"\" data-medium-file=\"https:\/\/i0.wp.com\/das.raumtuning.info\/wp-content\/uploads\/2018\/01\/VN-45-DB-Natur-Set-Hintergrund-unscharf-zoom-1.jpg?fit=300%2C169&amp;ssl=1\" data-large-file=\"https:\/\/i0.wp.com\/das.raumtuning.info\/wp-content\/uploads\/2018\/01\/VN-45-DB-Natur-Set-Hintergrund-unscharf-zoom-1.jpg?fit=640%2C360&amp;ssl=1\" class=\"wp-image-3306 size-full\" src=\"https:\/\/i0.wp.com\/das.raumtuning.info\/wp-content\/uploads\/2018\/01\/VN-45-DB-Natur-Set-Hintergrund-unscharf-zoom-1.jpg?resize=640%2C360\" alt=\"\" width=\"640\" height=\"360\" srcset=\"https:\/\/i0.wp.com\/das.raumtuning.info\/wp-content\/uploads\/2018\/01\/VN-45-DB-Natur-Set-Hintergrund-unscharf-zoom-1.jpg?w=3721&amp;ssl=1 3721w, https:\/\/i0.wp.com\/das.raumtuning.info\/wp-content\/uploads\/2018\/01\/VN-45-DB-Natur-Set-Hintergrund-unscharf-zoom-1.jpg?resize=150%2C84&amp;ssl=1 150w, https:\/\/i0.wp.com\/das.raumtuning.info\/wp-content\/uploads\/2018\/01\/VN-45-DB-Natur-Set-Hintergrund-unscharf-zoom-1.jpg?resize=300%2C169&amp;ssl=1 300w, https:\/\/i0.wp.com\/das.raumtuning.info\/wp-content\/uploads\/2018\/01\/VN-45-DB-Natur-Set-Hintergrund-unscharf-zoom-1.jpg?resize=1024%2C576&amp;ssl=1 1024w, https:\/\/i0.wp.com\/das.raumtuning.info\/wp-content\/uploads\/2018\/01\/VN-45-DB-Natur-Set-Hintergrund-unscharf-zoom-1.jpg?w=1280 1280w, https:\/\/i0.wp.com\/das.raumtuning.info\/wp-content\/uploads\/2018\/01\/VN-45-DB-Natur-Set-Hintergrund-unscharf-zoom-1.jpg?w=1920 1920w\" sizes=\"(max-width: 640px) 100vw, 640px\" data-recalc-dims=\"1\" \/><\/a><figcaption id=\"caption-attachment-3306\" class=\"wp-caption-text\">3er Stand mit spezialisierten F\u00fc\u00dfen.<\/figcaption><\/figure>\n<p>4. Die F\u00fc\u00dfe verwenden zur perfekten Koppelung zwischen Fu\u00df und Ger\u00e4teboden eine Technologie, wie sie bei der Ultraschallanalyse von Werkst\u00fccken verwendet wird \u2013 Impedanzanpassung durch Saphire.<\/p>\n<figure id=\"attachment_3258\" aria-describedby=\"caption-attachment-3258\" style=\"width: 1066px\" class=\"wp-caption aligncenter\"><a href=\"https:\/\/i0.wp.com\/das.raumtuning.info\/wp-content\/uploads\/2018\/01\/VN30-Schwarz-Saphir.png\"><img decoding=\"async\" data-attachment-id=\"3258\" data-permalink=\"https:\/\/das.raumtuning.info\/?attachment_id=3258\" data-orig-file=\"https:\/\/i0.wp.com\/das.raumtuning.info\/wp-content\/uploads\/2018\/01\/VN30-Schwarz-Saphir.png?fit=1066%2C600&amp;ssl=1\" data-orig-size=\"1066,600\" data-comments-opened=\"1\" data-image-meta=\"{&quot;aperture&quot;:&quot;0&quot;,&quot;credit&quot;:&quot;&quot;,&quot;camera&quot;:&quot;&quot;,&quot;caption&quot;:&quot;&quot;,&quot;created_timestamp&quot;:&quot;0&quot;,&quot;copyright&quot;:&quot;&quot;,&quot;focal_length&quot;:&quot;0&quot;,&quot;iso&quot;:&quot;0&quot;,&quot;shutter_speed&quot;:&quot;0&quot;,&quot;title&quot;:&quot;&quot;,&quot;orientation&quot;:&quot;0&quot;}\" data-image-title=\"VN30 Schwarz Saphir\" data-image-description=\"\" data-image-caption=\"\" data-medium-file=\"https:\/\/i0.wp.com\/das.raumtuning.info\/wp-content\/uploads\/2018\/01\/VN30-Schwarz-Saphir.png?fit=300%2C169&amp;ssl=1\" data-large-file=\"https:\/\/i0.wp.com\/das.raumtuning.info\/wp-content\/uploads\/2018\/01\/VN30-Schwarz-Saphir.png?fit=640%2C360&amp;ssl=1\" class=\"wp-image-3258 size-full\" src=\"https:\/\/i0.wp.com\/das.raumtuning.info\/wp-content\/uploads\/2018\/01\/VN30-Schwarz-Saphir.png?resize=640%2C360\" alt=\"\" width=\"640\" height=\"360\" srcset=\"https:\/\/i0.wp.com\/das.raumtuning.info\/wp-content\/uploads\/2018\/01\/VN30-Schwarz-Saphir.png?w=1066&amp;ssl=1 1066w, https:\/\/i0.wp.com\/das.raumtuning.info\/wp-content\/uploads\/2018\/01\/VN30-Schwarz-Saphir.png?resize=150%2C84&amp;ssl=1 150w, https:\/\/i0.wp.com\/das.raumtuning.info\/wp-content\/uploads\/2018\/01\/VN30-Schwarz-Saphir.png?resize=300%2C169&amp;ssl=1 300w, https:\/\/i0.wp.com\/das.raumtuning.info\/wp-content\/uploads\/2018\/01\/VN30-Schwarz-Saphir.png?resize=1024%2C576&amp;ssl=1 1024w\" sizes=\"(max-width: 640px) 100vw, 640px\" data-recalc-dims=\"1\" \/><\/a><figcaption id=\"caption-attachment-3258\" class=\"wp-caption-text\">Der Saphir passt die Impedanz zwischen Ger\u00e4teboden und Holzblock an.<\/figcaption><\/figure>\n<p>5. Resonanzen werden durch einen nat\u00fcrlich gewachsenen, speziellen Ahornblock, aber auch durch gezielte kleine wie gro\u00dfe Bohrungen verhindert.<\/p>\n<figure id=\"attachment_3302\" aria-describedby=\"caption-attachment-3302\" style=\"width: 1668px\" class=\"wp-caption aligncenter\"><a href=\"https:\/\/i0.wp.com\/das.raumtuning.info\/wp-content\/uploads\/2018\/01\/VN-45-DB-Natur-Bohrungen-1.png\"><img decoding=\"async\" data-attachment-id=\"3302\" data-permalink=\"https:\/\/das.raumtuning.info\/?attachment_id=3302\" data-orig-file=\"https:\/\/i0.wp.com\/das.raumtuning.info\/wp-content\/uploads\/2018\/01\/VN-45-DB-Natur-Bohrungen-1.png?fit=1668%2C939&amp;ssl=1\" data-orig-size=\"1668,939\" data-comments-opened=\"1\" data-image-meta=\"{&quot;aperture&quot;:&quot;0&quot;,&quot;credit&quot;:&quot;&quot;,&quot;camera&quot;:&quot;&quot;,&quot;caption&quot;:&quot;&quot;,&quot;created_timestamp&quot;:&quot;0&quot;,&quot;copyright&quot;:&quot;&quot;,&quot;focal_length&quot;:&quot;0&quot;,&quot;iso&quot;:&quot;0&quot;,&quot;shutter_speed&quot;:&quot;0&quot;,&quot;title&quot;:&quot;&quot;,&quot;orientation&quot;:&quot;0&quot;}\" data-image-title=\"VN 45 DB Natur Bohrungen\" data-image-description=\"\" data-image-caption=\"\" data-medium-file=\"https:\/\/i0.wp.com\/das.raumtuning.info\/wp-content\/uploads\/2018\/01\/VN-45-DB-Natur-Bohrungen-1.png?fit=300%2C169&amp;ssl=1\" data-large-file=\"https:\/\/i0.wp.com\/das.raumtuning.info\/wp-content\/uploads\/2018\/01\/VN-45-DB-Natur-Bohrungen-1.png?fit=640%2C360&amp;ssl=1\" class=\"wp-image-3302 size-full\" src=\"https:\/\/i0.wp.com\/das.raumtuning.info\/wp-content\/uploads\/2018\/01\/VN-45-DB-Natur-Bohrungen-1.png?resize=640%2C360\" alt=\"\" width=\"640\" height=\"360\" srcset=\"https:\/\/i0.wp.com\/das.raumtuning.info\/wp-content\/uploads\/2018\/01\/VN-45-DB-Natur-Bohrungen-1.png?w=1668&amp;ssl=1 1668w, https:\/\/i0.wp.com\/das.raumtuning.info\/wp-content\/uploads\/2018\/01\/VN-45-DB-Natur-Bohrungen-1.png?resize=150%2C84&amp;ssl=1 150w, https:\/\/i0.wp.com\/das.raumtuning.info\/wp-content\/uploads\/2018\/01\/VN-45-DB-Natur-Bohrungen-1.png?resize=300%2C169&amp;ssl=1 300w, https:\/\/i0.wp.com\/das.raumtuning.info\/wp-content\/uploads\/2018\/01\/VN-45-DB-Natur-Bohrungen-1.png?resize=1024%2C576&amp;ssl=1 1024w, https:\/\/i0.wp.com\/das.raumtuning.info\/wp-content\/uploads\/2018\/01\/VN-45-DB-Natur-Bohrungen-1.png?w=1280 1280w\" sizes=\"(max-width: 640px) 100vw, 640px\" data-recalc-dims=\"1\" \/><\/a><figcaption id=\"caption-attachment-3302\" class=\"wp-caption-text\">Gro\u00dfe, zetrale und kleine Bohrungen an den Schalleintritten verhindern Resonanzen.<\/figcaption><\/figure>\n<p>6. Durch die schwingungsoptimierte Anbringung von 5mm Filzf\u00fc\u00dfen wurde der Einfluss vom Untergrund weitgehend vermieden und der Holzblock seiner nat\u00fcrlichen Schwingung nicht beraubt, da keine Fl\u00e4che vollfl\u00e4chig aufliegt.<\/p>\n<figure id=\"attachment_3260\" aria-describedby=\"caption-attachment-3260\" style=\"width: 1266px\" class=\"wp-caption aligncenter\"><a href=\"https:\/\/i0.wp.com\/das.raumtuning.info\/wp-content\/uploads\/2018\/01\/VN-45-DB-Filzf\u00fc\u00dfe.png\"><img loading=\"lazy\" decoding=\"async\" data-attachment-id=\"3260\" data-permalink=\"https:\/\/das.raumtuning.info\/?attachment_id=3260\" data-orig-file=\"https:\/\/i0.wp.com\/das.raumtuning.info\/wp-content\/uploads\/2018\/01\/VN-45-DB-Filzf\u00fc\u00dfe.png?fit=1266%2C713&amp;ssl=1\" data-orig-size=\"1266,713\" data-comments-opened=\"1\" data-image-meta=\"{&quot;aperture&quot;:&quot;0&quot;,&quot;credit&quot;:&quot;&quot;,&quot;camera&quot;:&quot;&quot;,&quot;caption&quot;:&quot;&quot;,&quot;created_timestamp&quot;:&quot;0&quot;,&quot;copyright&quot;:&quot;&quot;,&quot;focal_length&quot;:&quot;0&quot;,&quot;iso&quot;:&quot;0&quot;,&quot;shutter_speed&quot;:&quot;0&quot;,&quot;title&quot;:&quot;&quot;,&quot;orientation&quot;:&quot;0&quot;}\" data-image-title=\"VN 45 DB Filzf\u00fc\u00dfe\" data-image-description=\"\" data-image-caption=\"\" data-medium-file=\"https:\/\/i0.wp.com\/das.raumtuning.info\/wp-content\/uploads\/2018\/01\/VN-45-DB-Filzf\u00fc\u00dfe.png?fit=300%2C169&amp;ssl=1\" data-large-file=\"https:\/\/i0.wp.com\/das.raumtuning.info\/wp-content\/uploads\/2018\/01\/VN-45-DB-Filzf\u00fc\u00dfe.png?fit=640%2C361&amp;ssl=1\" class=\"wp-image-3260 size-full\" src=\"https:\/\/i0.wp.com\/das.raumtuning.info\/wp-content\/uploads\/2018\/01\/VN-45-DB-Filzf\u00fc\u00dfe.png?resize=640%2C360\" alt=\"\" width=\"640\" height=\"360\" srcset=\"https:\/\/i0.wp.com\/das.raumtuning.info\/wp-content\/uploads\/2018\/01\/VN-45-DB-Filzf\u00fc\u00dfe.png?w=1266&amp;ssl=1 1266w, https:\/\/i0.wp.com\/das.raumtuning.info\/wp-content\/uploads\/2018\/01\/VN-45-DB-Filzf\u00fc\u00dfe.png?resize=150%2C84&amp;ssl=1 150w, https:\/\/i0.wp.com\/das.raumtuning.info\/wp-content\/uploads\/2018\/01\/VN-45-DB-Filzf\u00fc\u00dfe.png?resize=300%2C169&amp;ssl=1 300w, https:\/\/i0.wp.com\/das.raumtuning.info\/wp-content\/uploads\/2018\/01\/VN-45-DB-Filzf\u00fc\u00dfe.png?resize=1024%2C577&amp;ssl=1 1024w\" sizes=\"(max-width: 640px) 100vw, 640px\" data-recalc-dims=\"1\" \/><\/a><figcaption id=\"caption-attachment-3260\" class=\"wp-caption-text\">Die speziellen Filzf\u00fc\u00dfe reduzieren den K\u00f6rperschall vom Rack extrem.<\/figcaption><\/figure>\n<figure id=\"attachment_3264\" aria-describedby=\"caption-attachment-3264\" style=\"width: 2048px\" class=\"wp-caption aligncenter\"><a href=\"https:\/\/i0.wp.com\/das.raumtuning.info\/wp-content\/uploads\/2018\/01\/Vibratisch-N70A-original-vs-VN45DB-text.png\"><img loading=\"lazy\" decoding=\"async\" data-attachment-id=\"3264\" data-permalink=\"https:\/\/das.raumtuning.info\/?attachment_id=3264\" data-orig-file=\"https:\/\/i0.wp.com\/das.raumtuning.info\/wp-content\/uploads\/2018\/01\/Vibratisch-N70A-original-vs-VN45DB-text.png?fit=2048%2C1536&amp;ssl=1\" data-orig-size=\"2048,1536\" data-comments-opened=\"1\" data-image-meta=\"{&quot;aperture&quot;:&quot;0&quot;,&quot;credit&quot;:&quot;&quot;,&quot;camera&quot;:&quot;&quot;,&quot;caption&quot;:&quot;&quot;,&quot;created_timestamp&quot;:&quot;0&quot;,&quot;copyright&quot;:&quot;&quot;,&quot;focal_length&quot;:&quot;0&quot;,&quot;iso&quot;:&quot;0&quot;,&quot;shutter_speed&quot;:&quot;0&quot;,&quot;title&quot;:&quot;&quot;,&quot;orientation&quot;:&quot;0&quot;}\" data-image-title=\"Vibratisch N70A original vs VN45DB text\" data-image-description=\"\" data-image-caption=\"\" data-medium-file=\"https:\/\/i0.wp.com\/das.raumtuning.info\/wp-content\/uploads\/2018\/01\/Vibratisch-N70A-original-vs-VN45DB-text.png?fit=300%2C225&amp;ssl=1\" data-large-file=\"https:\/\/i0.wp.com\/das.raumtuning.info\/wp-content\/uploads\/2018\/01\/Vibratisch-N70A-original-vs-VN45DB-text.png?fit=640%2C480&amp;ssl=1\" class=\"wp-image-3264 size-full\" src=\"https:\/\/i0.wp.com\/das.raumtuning.info\/wp-content\/uploads\/2018\/01\/Vibratisch-N70A-original-vs-VN45DB-text.png?resize=640%2C480\" alt=\"\" width=\"640\" height=\"480\" srcset=\"https:\/\/i0.wp.com\/das.raumtuning.info\/wp-content\/uploads\/2018\/01\/Vibratisch-N70A-original-vs-VN45DB-text.png?w=2048&amp;ssl=1 2048w, https:\/\/i0.wp.com\/das.raumtuning.info\/wp-content\/uploads\/2018\/01\/Vibratisch-N70A-original-vs-VN45DB-text.png?resize=150%2C113&amp;ssl=1 150w, https:\/\/i0.wp.com\/das.raumtuning.info\/wp-content\/uploads\/2018\/01\/Vibratisch-N70A-original-vs-VN45DB-text.png?resize=300%2C225&amp;ssl=1 300w, https:\/\/i0.wp.com\/das.raumtuning.info\/wp-content\/uploads\/2018\/01\/Vibratisch-N70A-original-vs-VN45DB-text.png?resize=1024%2C768&amp;ssl=1 1024w, https:\/\/i0.wp.com\/das.raumtuning.info\/wp-content\/uploads\/2018\/01\/Vibratisch-N70A-original-vs-VN45DB-text.png?w=1280 1280w, https:\/\/i0.wp.com\/das.raumtuning.info\/wp-content\/uploads\/2018\/01\/Vibratisch-N70A-original-vs-VN45DB-text.png?w=1920 1920w\" sizes=\"(max-width: 640px) 100vw, 640px\" data-recalc-dims=\"1\" \/><\/a><figcaption id=\"caption-attachment-3264\" class=\"wp-caption-text\">Die Messung zeigt die extreme D\u00e4mpfung des K\u00f6rperschalls mit Vortex HiFi VN45DB Ger\u00e4tefu\u00df (schwarz) gegen\u00fcber den original Ger\u00e4tef\u00fc\u00dfen (rot)<\/figcaption><\/figure>\n<p>7. Ausgesuchte H\u00f6lzer und individuelle Bearbeitung der einzelnen Schwingungsk\u00f6rper (Holzrohlinge) in Handarbeit erm\u00f6glichen, den maximalen Klang aus jedem Werkst\u00fcck herauszuholen.<\/p>\n<p>8. Die Holzkonstruktion aus ausgew\u00e4hlten H\u00f6lzern erzeugen weder Wirbelstr\u00f6me, noch verformen diese das magnetische oder elektrische Feld der Ger\u00e4te.<\/p>\n<p>9. Die optimierte H\u00f6he der Ger\u00e4tef\u00fc\u00dfe erm\u00f6glicht eine deutlich minimierte Feldst\u00e4rke, mit der die Ger\u00e4tefelder in den Rackboden eindringen und so verringern die Ger\u00e4tef\u00fc\u00dfe die Bildung klangsch\u00e4dlicher Potentialwirbel.<\/p>\n<p>Die unteren 3 Messungen zeigen die prinzipiellen Feldst\u00e4rkenunterschiede je nach Abstand vom Ger\u00e4teboden und den verwendeten Ger\u00e4tef\u00fc\u00dfen.<\/p>\n<figure id=\"attachment_3267\" aria-describedby=\"caption-attachment-3267\" style=\"width: 2086px\" class=\"wp-caption aligncenter\"><a href=\"https:\/\/i0.wp.com\/das.raumtuning.info\/wp-content\/uploads\/2018\/01\/Ger\u00e4t-ohne-F\u00fc\u00dfe-E-Feld-3.png\"><img loading=\"lazy\" decoding=\"async\" data-attachment-id=\"3267\" data-permalink=\"https:\/\/das.raumtuning.info\/?attachment_id=3267\" data-orig-file=\"https:\/\/i0.wp.com\/das.raumtuning.info\/wp-content\/uploads\/2018\/01\/Ger\u00e4t-ohne-F\u00fc\u00dfe-E-Feld-3.png?fit=2086%2C1181&amp;ssl=1\" data-orig-size=\"2086,1181\" data-comments-opened=\"1\" data-image-meta=\"{&quot;aperture&quot;:&quot;0&quot;,&quot;credit&quot;:&quot;&quot;,&quot;camera&quot;:&quot;&quot;,&quot;caption&quot;:&quot;&quot;,&quot;created_timestamp&quot;:&quot;0&quot;,&quot;copyright&quot;:&quot;&quot;,&quot;focal_length&quot;:&quot;0&quot;,&quot;iso&quot;:&quot;0&quot;,&quot;shutter_speed&quot;:&quot;0&quot;,&quot;title&quot;:&quot;&quot;,&quot;orientation&quot;:&quot;0&quot;}\" data-image-title=\"Ger\u00e4t ohne F\u00fc\u00dfe E-Feld (3)\" data-image-description=\"\" data-image-caption=\"\" data-medium-file=\"https:\/\/i0.wp.com\/das.raumtuning.info\/wp-content\/uploads\/2018\/01\/Ger\u00e4t-ohne-F\u00fc\u00dfe-E-Feld-3.png?fit=300%2C170&amp;ssl=1\" data-large-file=\"https:\/\/i0.wp.com\/das.raumtuning.info\/wp-content\/uploads\/2018\/01\/Ger\u00e4t-ohne-F\u00fc\u00dfe-E-Feld-3.png?fit=640%2C363&amp;ssl=1\" class=\"wp-image-3267 size-full\" src=\"https:\/\/i0.wp.com\/das.raumtuning.info\/wp-content\/uploads\/2018\/01\/Ger\u00e4t-ohne-F\u00fc\u00dfe-E-Feld-3.png?resize=640%2C362\" alt=\"\" width=\"640\" height=\"362\" srcset=\"https:\/\/i0.wp.com\/das.raumtuning.info\/wp-content\/uploads\/2018\/01\/Ger\u00e4t-ohne-F\u00fc\u00dfe-E-Feld-3.png?w=2086&amp;ssl=1 2086w, https:\/\/i0.wp.com\/das.raumtuning.info\/wp-content\/uploads\/2018\/01\/Ger\u00e4t-ohne-F\u00fc\u00dfe-E-Feld-3.png?resize=150%2C85&amp;ssl=1 150w, https:\/\/i0.wp.com\/das.raumtuning.info\/wp-content\/uploads\/2018\/01\/Ger\u00e4t-ohne-F\u00fc\u00dfe-E-Feld-3.png?resize=300%2C170&amp;ssl=1 300w, https:\/\/i0.wp.com\/das.raumtuning.info\/wp-content\/uploads\/2018\/01\/Ger\u00e4t-ohne-F\u00fc\u00dfe-E-Feld-3.png?resize=1024%2C580&amp;ssl=1 1024w, https:\/\/i0.wp.com\/das.raumtuning.info\/wp-content\/uploads\/2018\/01\/Ger\u00e4t-ohne-F\u00fc\u00dfe-E-Feld-3.png?w=1280 1280w, https:\/\/i0.wp.com\/das.raumtuning.info\/wp-content\/uploads\/2018\/01\/Ger\u00e4t-ohne-F\u00fc\u00dfe-E-Feld-3.png?w=1920 1920w\" sizes=\"(max-width: 640px) 100vw, 640px\" data-recalc-dims=\"1\" \/><\/a><figcaption id=\"caption-attachment-3267\" class=\"wp-caption-text\">Der Messkopf liegt direkt auf dem Geh\u00e4use auf. Dies ist die Situation von Billiggeh\u00e4usen wie Apple TV, AMAZON FIRE TV, Sat-Receivern usw. Die Feldst\u00e4rke liegt hier au\u00dferhalb des Messbereichs (Overflow) &#8211; \u00fcber 1100 Volt\/Meter! Das ist extrem schlecht f\u00fcr den Klang, aber auch f\u00fcr das Bild.<\/figcaption><\/figure>\n<figure id=\"attachment_3268\" aria-describedby=\"caption-attachment-3268\" style=\"width: 2076px\" class=\"wp-caption aligncenter\"><a href=\"https:\/\/i0.wp.com\/das.raumtuning.info\/wp-content\/uploads\/2018\/01\/Ger\u00e4t-Metallf\u00fc\u00dfe-E-Feld-2.png\"><img loading=\"lazy\" decoding=\"async\" data-attachment-id=\"3268\" data-permalink=\"https:\/\/das.raumtuning.info\/?attachment_id=3268\" data-orig-file=\"https:\/\/i0.wp.com\/das.raumtuning.info\/wp-content\/uploads\/2018\/01\/Ger\u00e4t-Metallf\u00fc\u00dfe-E-Feld-2.png?fit=2076%2C1180&amp;ssl=1\" data-orig-size=\"2076,1180\" data-comments-opened=\"1\" data-image-meta=\"{&quot;aperture&quot;:&quot;0&quot;,&quot;credit&quot;:&quot;&quot;,&quot;camera&quot;:&quot;&quot;,&quot;caption&quot;:&quot;&quot;,&quot;created_timestamp&quot;:&quot;0&quot;,&quot;copyright&quot;:&quot;&quot;,&quot;focal_length&quot;:&quot;0&quot;,&quot;iso&quot;:&quot;0&quot;,&quot;shutter_speed&quot;:&quot;0&quot;,&quot;title&quot;:&quot;&quot;,&quot;orientation&quot;:&quot;0&quot;}\" data-image-title=\"Ger\u00e4t Metallf\u00fc\u00dfe E-Feld (2)\" data-image-description=\"\" data-image-caption=\"\" data-medium-file=\"https:\/\/i0.wp.com\/das.raumtuning.info\/wp-content\/uploads\/2018\/01\/Ger\u00e4t-Metallf\u00fc\u00dfe-E-Feld-2.png?fit=300%2C171&amp;ssl=1\" data-large-file=\"https:\/\/i0.wp.com\/das.raumtuning.info\/wp-content\/uploads\/2018\/01\/Ger\u00e4t-Metallf\u00fc\u00dfe-E-Feld-2.png?fit=640%2C364&amp;ssl=1\" class=\"wp-image-3268 size-full\" src=\"https:\/\/i0.wp.com\/das.raumtuning.info\/wp-content\/uploads\/2018\/01\/Ger\u00e4t-Metallf\u00fc\u00dfe-E-Feld-2.png?resize=640%2C364\" alt=\"\" width=\"640\" height=\"364\" srcset=\"https:\/\/i0.wp.com\/das.raumtuning.info\/wp-content\/uploads\/2018\/01\/Ger\u00e4t-Metallf\u00fc\u00dfe-E-Feld-2.png?w=2076&amp;ssl=1 2076w, https:\/\/i0.wp.com\/das.raumtuning.info\/wp-content\/uploads\/2018\/01\/Ger\u00e4t-Metallf\u00fc\u00dfe-E-Feld-2.png?resize=150%2C85&amp;ssl=1 150w, https:\/\/i0.wp.com\/das.raumtuning.info\/wp-content\/uploads\/2018\/01\/Ger\u00e4t-Metallf\u00fc\u00dfe-E-Feld-2.png?resize=300%2C171&amp;ssl=1 300w, https:\/\/i0.wp.com\/das.raumtuning.info\/wp-content\/uploads\/2018\/01\/Ger\u00e4t-Metallf\u00fc\u00dfe-E-Feld-2.png?resize=1024%2C582&amp;ssl=1 1024w, https:\/\/i0.wp.com\/das.raumtuning.info\/wp-content\/uploads\/2018\/01\/Ger\u00e4t-Metallf\u00fc\u00dfe-E-Feld-2.png?w=1280 1280w, https:\/\/i0.wp.com\/das.raumtuning.info\/wp-content\/uploads\/2018\/01\/Ger\u00e4t-Metallf\u00fc\u00dfe-E-Feld-2.png?w=1920 1920w\" sizes=\"(max-width: 640px) 100vw, 640px\" data-recalc-dims=\"1\" \/><\/a><figcaption id=\"caption-attachment-3268\" class=\"wp-caption-text\">E-Feld Messung mit Metall-Ger\u00e4tefu\u00df 834 Volt\/Meter<\/figcaption><\/figure>\n<figure id=\"attachment_3270\" aria-describedby=\"caption-attachment-3270\" style=\"width: 2080px\" class=\"wp-caption aligncenter\"><a href=\"https:\/\/i0.wp.com\/das.raumtuning.info\/wp-content\/uploads\/2018\/01\/Ger\u00e4t-VO-45-F\u00fc\u00dfe-E-Feld-4.png\"><img loading=\"lazy\" decoding=\"async\" data-attachment-id=\"3270\" data-permalink=\"https:\/\/das.raumtuning.info\/?attachment_id=3270\" data-orig-file=\"https:\/\/i0.wp.com\/das.raumtuning.info\/wp-content\/uploads\/2018\/01\/Ger\u00e4t-VO-45-F\u00fc\u00dfe-E-Feld-4.png?fit=2080%2C1181&amp;ssl=1\" data-orig-size=\"2080,1181\" data-comments-opened=\"1\" data-image-meta=\"{&quot;aperture&quot;:&quot;0&quot;,&quot;credit&quot;:&quot;&quot;,&quot;camera&quot;:&quot;&quot;,&quot;caption&quot;:&quot;&quot;,&quot;created_timestamp&quot;:&quot;0&quot;,&quot;copyright&quot;:&quot;&quot;,&quot;focal_length&quot;:&quot;0&quot;,&quot;iso&quot;:&quot;0&quot;,&quot;shutter_speed&quot;:&quot;0&quot;,&quot;title&quot;:&quot;&quot;,&quot;orientation&quot;:&quot;0&quot;}\" data-image-title=\"Ger\u00e4t VO 45 F\u00fc\u00dfe E-Feld (4)\" data-image-description=\"\" data-image-caption=\"\" data-medium-file=\"https:\/\/i0.wp.com\/das.raumtuning.info\/wp-content\/uploads\/2018\/01\/Ger\u00e4t-VO-45-F\u00fc\u00dfe-E-Feld-4.png?fit=300%2C170&amp;ssl=1\" data-large-file=\"https:\/\/i0.wp.com\/das.raumtuning.info\/wp-content\/uploads\/2018\/01\/Ger\u00e4t-VO-45-F\u00fc\u00dfe-E-Feld-4.png?fit=640%2C363&amp;ssl=1\" class=\"wp-image-3270 size-full\" src=\"https:\/\/i0.wp.com\/das.raumtuning.info\/wp-content\/uploads\/2018\/01\/Ger\u00e4t-VO-45-F\u00fc\u00dfe-E-Feld-4.png?resize=640%2C363\" alt=\"\" width=\"640\" height=\"363\" srcset=\"https:\/\/i0.wp.com\/das.raumtuning.info\/wp-content\/uploads\/2018\/01\/Ger\u00e4t-VO-45-F\u00fc\u00dfe-E-Feld-4.png?w=2080&amp;ssl=1 2080w, https:\/\/i0.wp.com\/das.raumtuning.info\/wp-content\/uploads\/2018\/01\/Ger\u00e4t-VO-45-F\u00fc\u00dfe-E-Feld-4.png?resize=150%2C85&amp;ssl=1 150w, https:\/\/i0.wp.com\/das.raumtuning.info\/wp-content\/uploads\/2018\/01\/Ger\u00e4t-VO-45-F\u00fc\u00dfe-E-Feld-4.png?resize=300%2C170&amp;ssl=1 300w, https:\/\/i0.wp.com\/das.raumtuning.info\/wp-content\/uploads\/2018\/01\/Ger\u00e4t-VO-45-F\u00fc\u00dfe-E-Feld-4.png?resize=1024%2C581&amp;ssl=1 1024w, https:\/\/i0.wp.com\/das.raumtuning.info\/wp-content\/uploads\/2018\/01\/Ger\u00e4t-VO-45-F\u00fc\u00dfe-E-Feld-4.png?w=1280 1280w, https:\/\/i0.wp.com\/das.raumtuning.info\/wp-content\/uploads\/2018\/01\/Ger\u00e4t-VO-45-F\u00fc\u00dfe-E-Feld-4.png?w=1920 1920w\" sizes=\"(max-width: 640px) 100vw, 640px\" data-recalc-dims=\"1\" \/><\/a><figcaption id=\"caption-attachment-3270\" class=\"wp-caption-text\">Nochmals eine drastische Reduzierung der elektrischen Feldst\u00e4rke um \u00fcber 300 Volt \/ Meter durch VN45DB Ger\u00e4tefu\u00df auf 529 Volt\/Meter gegen\u00fcber flachen Metallf\u00fc\u00dfen.<\/figcaption><\/figure>\n<p>10. Durch die Vortex HiFi eigene Entstressungs- und Entst\u00f6rungs-Informierung ist eine Stressfreiheit beim H\u00f6ren m\u00f6glich, die einzigartig ist.<\/p>\n<p>Lesen Sie den Testbericht im werbefreien H\u00f6rerlebnis von Marco Kolks<\/p>\n<iframe src=\"\/\/docs.google.com\/viewer?url=http%3A%2F%2Fdas.raumtuning.info%2Fwp-content%2Fuploads%2F2019%2F06%2FHo%CC%88rerlebnis-Vortex-Hifi-Gera%CC%88tefu%CC%88%C3%9Fe-Web.pdf&hl=de&embedded=true\" class=\"gde-frame\" style=\"width:100%; height:500px; border: none;\" scrolling=\"no\"><\/iframe>\n<p class=\"gde-text\"><a href=\"http:\/\/das.raumtuning.info\/wp-content\/uploads\/2019\/06\/Ho\u0308rerlebnis-Vortex-Hifi-Gera\u0308tefu\u0308\u00dfe-Web.pdf\" class=\"gde-link\">Download (PDF, 235KB)<\/a><\/p>\n<p><a href=\"http:\/\/das.raumtuning.info\/?page_id=3210\">Lesen sie alle Details hier:<\/a><\/p>\n","protected":false,"gt_translate_keys":[{"key":"rendered","format":"html"}]},"excerpt":{"rendered":"<p>&#8220;Gro\u00dfes Staunen und wiederum die Erkenntnis, dass Sie offenh\u00f6rlich wissen was Sie tun&#8230;&#8221; Dieses Video aus der Reihe short and simple erkl\u00e4rt die wichtigsten Eigenschaften und die Anwendung der Vortex HiFi Ger\u00e4tef\u00fc\u00dfe. Wir freuen uns, unsere Ger\u00e4tef\u00fc\u00dfe, Lautsprecherf\u00fc\u00dfe und Kabellifter in Vibration Naturalizer &#8211; Technik vorzustellen. Wir haben dabei &#8220;Ger\u00e4tef\u00fc\u00dfe&#8221; v\u00f6llig neu gedacht und mit unseren Erkentnissen \u00fcber Dirty Power und Vibrationen zusammengef\u00fchrt. Herausgekommen sind einzigartige Klangkunstwerke, die selbst echte Musikprofis zu gro\u00dfem Staunen veranlassen. Ein echter Musikprofi, wie der&#8230;<\/p>\n<p class=\"read-more\"><a class=\"btn btn-default\" href=\"https:\/\/das.raumtuning.info\/?p=3422\">Weiterlesen<span class=\"screen-reader-text\"> Weiterlesen<\/span><\/a><\/p>\n","protected":false,"gt_translate_keys":[{"key":"rendered","format":"html"}]},"author":1,"featured_media":3299,"comment_status":"open","ping_status":"closed","sticky":false,"template":"","format":"standard","meta":{"jetpack_post_was_ever_published":false,"footnotes":"","jetpack_publicize_message":"","jetpack_is_tweetstorm":false,"jetpack_publicize_feature_enabled":true,"jetpack_social_post_already_shared":true,"jetpack_social_options":[]},"categories":[27,19],"tags":[],"class_list":["post-3422","post","type-post","status-publish","format-standard","has-post-thumbnail","hentry","category-neuheit","category-produkte"],"jetpack_publicize_connections":[],"aioseo_notices":[],"jetpack_featured_media_url":"https:\/\/i0.wp.com\/das.raumtuning.info\/wp-content\/uploads\/2018\/01\/Alle-F\u00fc\u00dfe-Schwarz-Hintergrund-unscharf-zoom-1.jpg?fit=3720%2C2094&ssl=1","jetpack_sharing_enabled":true,"jetpack_shortlink":"https:\/\/wp.me\/p4hjs0-Tc","jetpack-related-posts":[{"id":4545,"url":"https:\/\/das.raumtuning.info\/?p=4545","url_meta":{"origin":3422,"position":0},"title":"Test Vortex HiFi: Vibration Naturalizer Ger\u00e4tef\u00fc\u00dfe","date":"3. Juni 2019","format":false,"excerpt":"Marco Kolks vom werbefreien HiFi Magazin H\u00f6rerlebnis testete die Vortex HiFi Vibration Naturalizer Ger\u00e4tef\u00fc\u00dfe die sein Herz eroberten. Hier ein paar Zitate. \u00a0 ...Die klanglichen Unterschiede sind mit und ohne Ger\u00e4tefu\u0308\u00dfe von Vortex Hifi in der gesamten Kette frappierend und auf Anhieb h\u00f6rbar.... \u2026 wird man bemerken, dass die Anlage\u2026","rel":"","context":"Similar post","img":{"alt_text":"","src":"https:\/\/i0.wp.com\/das.raumtuning.info\/wp-content\/uploads\/2019\/06\/Ho\u0308rerlebnis-Vortex-Hifi-Gera\u0308tefu\u0308\u00dfe-Titel-beschnitten.jpg?fit=1157%2C1081&ssl=1&resize=350%2C200","width":350,"height":200},"classes":[]},{"id":3436,"url":"https:\/\/das.raumtuning.info\/?p=3436","url_meta":{"origin":3422,"position":1},"title":"Vergessen Sie alles was Sie bisher \u00fcber Ger\u00e4tef\u00fc\u00dfe gelernt, getestet und selbst in unz\u00e4hligen H\u00f6rvergleichen erfahren haben!","date":"6. Februar 2018","format":false,"excerpt":"Der HiFi - Zubeh\u00f6r Spezialist Carsten Haugk testete die Vortex HiFi Ger\u00e4tef\u00fc\u00dfe und ist begeistert. Lesen Sie hier seinen Bericht \u00fcber die Vortex HiFi Ger\u00e4tef\u00fc\u00dfe: Zitat hifi-zubeh\u00f6r-Website von Herrn Haugk: \"Vergessen Sie alles was Sie bisher \u00fcber Ger\u00e4tef\u00fc\u00dfe gelernt, getestet und selbst in unz\u00e4hligen H\u00f6rvergleichen erfahren haben! Ich muss selbst\u2026","rel":"","context":"In &quot;Kundenmeinung&quot;","img":{"alt_text":"","src":"https:\/\/i0.wp.com\/das.raumtuning.info\/wp-content\/uploads\/2018\/01\/VN30-Schwarz-und-Natur-Hintergrund-unscharf-zoom.jpg?fit=1200%2C675&ssl=1&resize=350%2C200","width":350,"height":200},"classes":[]},{"id":5321,"url":"https:\/\/das.raumtuning.info\/?p=5321","url_meta":{"origin":3422,"position":2},"title":"3 Jahre Vortex HiFi &#8211; Erfahrungsbericht im hifitoday","date":"1. April 2021","format":false,"excerpt":"Neu entdecktes Klangpotential Der Journalist Frank Wacker beschreibt seine pers\u00f6nliche Reise in die Vortex HiFi Welt und wie er dabei ein v\u00f6llig neues Klangpotential f\u00fcr sich erschlossen hat. Dabei beschreibt er wie sich die Vortex HiFi Schritte von den bisherigen in seiner 25j\u00e4hrigen HiFi-Karriere unterscheiden. Dabei kommt er zum Fazit:\u2026","rel":"","context":"Similar post","img":{"alt_text":"","src":"https:\/\/i0.wp.com\/das.raumtuning.info\/wp-content\/uploads\/2021\/04\/VORTEX_Fuesse_DSC00104_840x559.jpg?fit=840%2C559&ssl=1&resize=350%2C200","width":350,"height":200},"classes":[]},{"id":3470,"url":"https:\/\/das.raumtuning.info\/?p=3470","url_meta":{"origin":3422,"position":3},"title":"2019 &#8211; Workshop &#8211; &#8220;Musik entsteht im Kopf und Klangerhaltung der HiFi-kette&#8221;","date":"13. M\u00e4rz 2018","format":false,"excerpt":"2019 - Aktuelle Termine im \u00dcberblick ___________________________________________________________________________ Fr. 22. M\u00e4rz 2018, 17:00 - 19:00 Uhr,\u00a0 HiFi-Lounge, 08060\u00a0Zwickau, Marienthaler Str. 143 (Tel.:0375 \/ 5674895) Sa. 23. M\u00e4rz 2018, 10:00 - 15:00 Uhr, HiFi-Lounge, 08060\u00a0Zwickau, Marienthaler Str. 143 (Tel.:0375 \/ 5674895) Inhalt der Workshops 2019: Schall ist \u00fcberall um Sie herum -\u2026","rel":"","context":"Similar post","img":{"alt_text":"","src":"https:\/\/i0.wp.com\/das.raumtuning.info\/wp-content\/uploads\/2018\/03\/Das-Vortex-HiFi-System.png?fit=1158%2C1158&ssl=1&resize=350%2C200","width":350,"height":200},"classes":[]},{"id":5253,"url":"https:\/\/das.raumtuning.info\/?p=5253","url_meta":{"origin":3422,"position":4},"title":"A.I.O. Video jetzt verf\u00fcgbar","date":"3. Dezember 2020","format":false,"excerpt":"Wir freuen uns das nun auch das sehr wichtige Video \u00fcber die A.I.O. Produkte jetzt endlich zur Verf\u00fcgung steht. Die Vortex HiFi A.I.O. \u2013 Produkte sind das R\u00fcckgrat einer Raumentst\u00f6rung. Immer dann, wenn die Abstrahlung von Elektrosmog nicht durch Vernichtung (Ground Optimizer, Power Optimizer) oder Schirmung (Nano Shield Produkte) oder\u2026","rel":"","context":"Similar post","img":{"alt_text":"","src":"https:\/\/i0.wp.com\/das.raumtuning.info\/wp-content\/uploads\/2020\/12\/Vortex-HiFi-short-and-simple-AIO.jpeg?fit=1200%2C675&ssl=1&resize=350%2C200","width":350,"height":200},"classes":[]},{"id":3511,"url":"https:\/\/das.raumtuning.info\/?p=3511","url_meta":{"origin":3422,"position":5},"title":"Workshop Nachlese On\/Off HiFi","date":"14. Juni 2018","format":false,"excerpt":"\"Wer nicht da war hat einiges vers\u00e4umt, der Unterschied zu den bisherigen Workshops ist heftig,\" \u00a0Zitat Horst Insten - Inhaber On\/Off Am 13. und 14. April durfte ich einen Workshop bei On\/Off - HiFi in Boppard durchf\u00fchren. Ich durfte die ganze Klaviatur von Vortex HiFi Optimierungen vorf\u00fchren. Es machte wieder\u2026","rel":"","context":"In &quot;Kundenmeinung&quot;","img":{"alt_text":"","src":"https:\/\/i0.wp.com\/das.raumtuning.info\/wp-content\/uploads\/2013\/12\/nm-augen.jpg?fit=1124%2C208&ssl=1&resize=350%2C200","width":350,"height":200},"classes":[]}],"gt_translate_keys":[{"key":"link","format":"url"}],"_links":{"self":[{"href":"https:\/\/das.raumtuning.info\/index.php?rest_route=\/wp\/v2\/posts\/3422","targetHints":{"allow":["GET"]}}],"collection":[{"href":"https:\/\/das.raumtuning.info\/index.php?rest_route=\/wp\/v2\/posts"}],"about":[{"href":"https:\/\/das.raumtuning.info\/index.php?rest_route=\/wp\/v2\/types\/post"}],"author":[{"embeddable":true,"href":"https:\/\/das.raumtuning.info\/index.php?rest_route=\/wp\/v2\/users\/1"}],"replies":[{"embeddable":true,"href":"https:\/\/das.raumtuning.info\/index.php?rest_route=%2Fwp%2Fv2%2Fcomments&post=3422"}],"version-history":[{"count":11,"href":"https:\/\/das.raumtuning.info\/index.php?rest_route=\/wp\/v2\/posts\/3422\/revisions"}],"predecessor-version":[{"id":4977,"href":"https:\/\/das.raumtuning.info\/index.php?rest_route=\/wp\/v2\/posts\/3422\/revisions\/4977"}],"wp:featuredmedia":[{"embeddable":true,"href":"https:\/\/das.raumtuning.info\/index.php?rest_route=\/wp\/v2\/media\/3299"}],"wp:attachment":[{"href":"https:\/\/das.raumtuning.info\/index.php?rest_route=%2Fwp%2Fv2%2Fmedia&parent=3422"}],"wp:term":[{"taxonomy":"category","embeddable":true,"href":"https:\/\/das.raumtuning.info\/index.php?rest_route=%2Fwp%2Fv2%2Fcategories&post=3422"},{"taxonomy":"post_tag","embeddable":true,"href":"https:\/\/das.raumtuning.info\/index.php?rest_route=%2Fwp%2Fv2%2Ftags&post=3422"}],"curies":[{"name":"wp","href":"https:\/\/api.w.org\/{rel}","templated":true}]}}