{"id":3830,"date":"2018-08-23T13:39:29","date_gmt":"2018-08-23T11:39:29","guid":{"rendered":"http:\/\/das.raumtuning.info\/?p=3830"},"modified":"2021-12-06T17:14:38","modified_gmt":"2021-12-06T16:14:38","slug":"willkommen-auf-den-sueddeutschen-hifi-tagen","status":"publish","type":"post","link":"https:\/\/das.raumtuning.info\/?p=3830","title":{"rendered":"Willkommen auf den S\u00fcddeutschen HiFi Tagen","gt_translate_keys":[{"key":"rendered","format":"text"}]},"content":{"rendered":"<div class=\"item\">\n<h2>Vortex HiFi bei fastaudio auf der H\u00f6rtest 2018 <span class=\"addition\">am 08. und 09. September 2018<\/span><\/h2>\n<p><strong><a href=\"https:\/\/i0.wp.com\/das.raumtuning.info\/wp-content\/uploads\/2013\/12\/norbert-maurer-kopf-2-sw-1.jpg\"><img decoding=\"async\" data-attachment-id=\"2973\" data-permalink=\"https:\/\/das.raumtuning.info\/?attachment_id=2973\" data-orig-file=\"https:\/\/i0.wp.com\/das.raumtuning.info\/wp-content\/uploads\/2013\/12\/norbert-maurer-kopf-2-sw-1.jpg?fit=1125%2C1588&amp;ssl=1\" data-orig-size=\"1125,1588\" data-comments-opened=\"1\" data-image-meta=\"{&quot;aperture&quot;:&quot;2.8&quot;,&quot;credit&quot;:&quot;&quot;,&quot;camera&quot;:&quot;Canon EOS-1D Mark II&quot;,&quot;caption&quot;:&quot;&quot;,&quot;created_timestamp&quot;:&quot;1095155999&quot;,&quot;copyright&quot;:&quot;&quot;,&quot;focal_length&quot;:&quot;150&quot;,&quot;iso&quot;:&quot;800&quot;,&quot;shutter_speed&quot;:&quot;0.000625&quot;,&quot;title&quot;:&quot;&quot;,&quot;orientation&quot;:&quot;1&quot;}\" data-image-title=\"norbert maurer kopf 2 sw\" data-image-description=\"\" data-image-caption=\"\" data-medium-file=\"https:\/\/i0.wp.com\/das.raumtuning.info\/wp-content\/uploads\/2013\/12\/norbert-maurer-kopf-2-sw-1.jpg?fit=213%2C300&amp;ssl=1\" data-large-file=\"https:\/\/i0.wp.com\/das.raumtuning.info\/wp-content\/uploads\/2013\/12\/norbert-maurer-kopf-2-sw-1.jpg?fit=640%2C904&amp;ssl=1\" class=\"wp-image-2973 alignleft\" src=\"https:\/\/i0.wp.com\/das.raumtuning.info\/wp-content\/uploads\/2013\/12\/norbert-maurer-kopf-2-sw-1.jpg?resize=132%2C187\" alt=\"\" width=\"132\" height=\"187\" srcset=\"https:\/\/i0.wp.com\/das.raumtuning.info\/wp-content\/uploads\/2013\/12\/norbert-maurer-kopf-2-sw-1.jpg?resize=725%2C1024&amp;ssl=1 725w, https:\/\/i0.wp.com\/das.raumtuning.info\/wp-content\/uploads\/2013\/12\/norbert-maurer-kopf-2-sw-1.jpg?resize=106%2C150&amp;ssl=1 106w, https:\/\/i0.wp.com\/das.raumtuning.info\/wp-content\/uploads\/2013\/12\/norbert-maurer-kopf-2-sw-1.jpg?resize=213%2C300&amp;ssl=1 213w, https:\/\/i0.wp.com\/das.raumtuning.info\/wp-content\/uploads\/2013\/12\/norbert-maurer-kopf-2-sw-1.jpg?w=1125&amp;ssl=1 1125w\" sizes=\"(max-width: 132px) 100vw, 132px\" data-recalc-dims=\"1\" \/><\/a><\/strong>Treffen Sie Norbert Maurer auf der H\u00f6rtest 2018 \u2013 die S\u00fcddeutschen HiFi-Tage in den R\u00e4umen von fastaudio.<\/p>\n<p><strong>Ort<\/strong>: Holiday Inn Stuttgart, Mittlerer Pfad 25-27, 70499 Stuttgart<\/p>\n<p>Sie finden uns im 4.Stock, in den R\u00e4umen 406 und 408<\/p>\n<ul>\n<li>Samstag, 08.09., 10:00 \u2013 18:00 Uhr<\/li>\n<li>Sonntag, 09.09., 10:00 \u2013 18:00 Uhr<\/li>\n<\/ul>\n<p>Auf Sie wartet ein besonderes H\u00f6rerlebnis in mit Vortex HiFi Produkten perfektionierten R\u00e4umen.<\/p>\n<h4><em><strong>Norbert Maurer erkl\u00e4rt die Idee hinter Vortex HiFi<br \/>\n<\/strong><\/em><\/h4>\n<p><em><strong>Schall ist \u00fcberall um Sie herum \u2013 aber Musik entsteht nur in Ihrem Kopf! <\/strong><\/em>Was das wirklich bedeutet und wie intensiv Musik sein kann, wenn Sie stressfrei Musik genie\u00dfen k\u00f6nnen, zeigt Ihnen Norbert Maurer an praktischen Beispielen und theoretischen Erkl\u00e4rungen.<\/p>\n<p>In den Demos lernen Sie einen kleinen Teil des ca. 120 Produkte umfassenden Vortex HiFi \u2013 Systems kennen. Zus\u00e4tzlich zu einer kurzen Einf\u00fchrung in die Idee die hinter dem Vortex HiFi \u2013 System steht, lernen Sie Produkte\/L\u00f6sungen aus den 7 Vortex HiFi \u2013 Bereichen kennen.<\/p>\n<h4>Vortex HiFi Neuheiten-Demo<\/h4>\n<p>Wir haben unsere <strong>Entst\u00f6r &#8211; Basics<\/strong> wie <strong>Plugs<\/strong> und <strong>Ronden<\/strong> drastisch \u00fcberarbeitet und bieten eine weitere Qualit\u00e4t an &#8211; den Diamant-Standard.<\/p>\n<p>Erstmals zu h\u00f6ren sind die neuen <strong>Vortex HiFi Nano Shield Plug<\/strong> &#8211; Produkte in Diamant &#8211; Qualit\u00e4t. Diese nun 3. Qualit\u00e4tsstufe der Plug\u00b4s im Vortex HiFi &#8211; Programm hebt das Musikerlebnis auf eine neue Stufe.<\/p>\n<p>Ebenso ist die <strong>Ronde 20 Diamant<\/strong> zu sehen. Diese ist f\u00fcr Glasfl\u00e4chen entwickelt worden und daher aus transparentem Bergkristall gefertigt. Die <strong>Ronde 20 Diamant<\/strong> ist ebenfalls in dem neuen Diamant Standart &#8211; der mit Abstand beste Informierungs-Standard den wir je entwickelt haben. Erg\u00e4nzt werden diese neuen Raumentst\u00f6rmittel durch die neue <strong>Pyramide 40 Diamant<\/strong> und die <strong>Ronde 30 Diamant<\/strong>, ebenfalls im Diamant Standart. Somit ist mit dem Vortex HiFi System eine bisher nie dagewesene Klang-Qualit\u00e4t m\u00f6glich!<\/p>\n<h2 style=\"margin-top: 0px;\">Workshop Vortex Hifi\u00a0<span class=\"addition\">am 21. und 22. September bei <em>fastaudio<\/em> in Stuttgart<\/span><\/h2>\n<p>2 Wochen nach den S\u00fcddeutschen HiFi -Tagen k\u00f6nnen Sie Ihre Erfahrungen mit Vortex HiFi in zwei Workshops bei fastaudio in Stuttgart vertiefen.<\/p>\n<p>Hier warten Theorie und H\u00f6rtests auf Sie mit der Gelegenheit Fragen zu stellen. Sie k\u00f6nnen hier auch die Unterschiede zwischen den verschiedenen Qualit\u00e4tsstandards im Vergleich h\u00f6ren. Sie erleben so den Klang ohne Vortex HiFi-Entst\u00f6rung, mit den bisherigen <strong>A.I.O.-,<\/strong> sowie den <strong>P.I.-<\/strong>Entst\u00f6rungen als auch mit den neuen <strong>Diamant Produkten<\/strong>.<\/p>\n<div class=\"item\">\n<p><strong>Ort<\/strong>: Fastaudio, Br\u00e4hlesgasse 21, 70372 Stuttgart<\/p>\n<ul>\n<li>Freitag, 21. September, 15:00 \u2013 18:00 Uhr<\/li>\n<li>Samstag, 22. September, 11:00 \u2013 16:00 Uhr<\/li>\n<\/ul>\n<\/div>\n<\/div>\n","protected":false,"gt_translate_keys":[{"key":"rendered","format":"html"}]},"excerpt":{"rendered":"<p>Vortex HiFi bei fastaudio auf der H\u00f6rtest 2018 am 08. und 09. September 2018 Treffen Sie Norbert Maurer auf der H\u00f6rtest 2018 \u2013 die S\u00fcddeutschen HiFi-Tage in den R\u00e4umen von fastaudio. Ort: Holiday Inn Stuttgart, Mittlerer Pfad 25-27, 70499 Stuttgart Sie finden uns im 4.Stock, in den R\u00e4umen 406 und 408 Samstag, 08.09., 10:00 \u2013 18:00 Uhr Sonntag, 09.09., 10:00 \u2013 18:00 Uhr Auf Sie wartet ein besonderes H\u00f6rerlebnis in mit Vortex HiFi Produkten perfektionierten R\u00e4umen. Norbert Maurer erkl\u00e4rt die&#8230;<\/p>\n<p class=\"read-more\"><a class=\"btn btn-default\" href=\"https:\/\/das.raumtuning.info\/?p=3830\">Weiterlesen<span class=\"screen-reader-text\"> Weiterlesen<\/span><\/a><\/p>\n","protected":false,"gt_translate_keys":[{"key":"rendered","format":"html"}]},"author":1,"featured_media":3856,"comment_status":"open","ping_status":"closed","sticky":false,"template":"","format":"standard","meta":{"jetpack_post_was_ever_published":false,"footnotes":"","jetpack_publicize_message":"","jetpack_is_tweetstorm":false,"jetpack_publicize_feature_enabled":true,"jetpack_social_post_already_shared":true,"jetpack_social_options":[]},"categories":[1,15],"tags":[47],"class_list":["post-3830","post","type-post","status-publish","format-standard","has-post-thumbnail","hentry","category-uncategorized","category-workshop","tag-ausstellung"],"jetpack_publicize_connections":[],"aioseo_notices":[],"jetpack_featured_media_url":"https:\/\/i0.wp.com\/das.raumtuning.info\/wp-content\/uploads\/2018\/08\/Banner-S\u00fcddeutsche-HiFi-Tage.jpg?fit=970%2C250&ssl=1","jetpack_sharing_enabled":true,"jetpack_shortlink":"https:\/\/wp.me\/p4hjs0-ZM","jetpack-related-posts":[{"id":4617,"url":"https:\/\/das.raumtuning.info\/?p=4617","url_meta":{"origin":3830,"position":0},"title":"S\u00fcddeutsche HiFi &#8211; Tage mit Vortex HiFi","date":"3. September 2019","format":false,"excerpt":"Lieber Musikh\u00f6rer, Vortex HiFi ist am 7. und 8. September auf den S\u00fcddeutschen HiFi Tagen bei Thomas Fast zu Gast. In den R\u00e4umen 223 und 225 von fastaudio k\u00f6nnen Sie eine gro\u00dfe Auswahl unserer Raumoptimierungstools h\u00f6ren und sehen. Im Raum 223 finden den ganzen Tag Demonstrationen einzelner Entst\u00f6rungstools statt. Dabei\u2026","rel":"","context":"In &quot;Ausstellung&quot;","img":{"alt_text":"","src":"https:\/\/i0.wp.com\/das.raumtuning.info\/wp-content\/uploads\/2013\/12\/nm-augen.jpg?fit=1124%2C208&ssl=1&resize=350%2C200","width":350,"height":200},"classes":[]},{"id":2112,"url":"https:\/\/das.raumtuning.info\/?p=2112","url_meta":{"origin":3830,"position":1},"title":"Termine: Norbert Maurer life","date":"17. Oktober 2015","format":false,"excerpt":"2020 - Aktuelle Termine Aufgrund der Infektionsgefahrt mit dem Coronavirus sind alle Workshops incl. dem Termin Anfang April abgesagt! Ziel der Workshops ist es, die Vortex HiFi Produkte erlebbar zu machen. Die neuen Vortex HiFi Produkte haben aber einen so un-glaublichen Einfluss auf Ihre K\u00f6rperkommunikation, dass wir dies mit Hilfe\u2026","rel":"","context":"In &quot;Produkte&quot;","img":{"alt_text":"","src":"https:\/\/i0.wp.com\/das.raumtuning.info\/wp-content\/uploads\/2015\/10\/norbert-maurer-kopf-2.jpg?fit=850%2C1200&ssl=1&resize=350%2C200","width":350,"height":200},"classes":[]},{"id":2952,"url":"https:\/\/das.raumtuning.info\/?p=2952","url_meta":{"origin":3830,"position":2},"title":"Vortex HiFi Workshop Wochenende am 21. und 22. April 2017 in den FAST Audio HiFi Studios","date":"30. M\u00e4rz 2017","format":false,"excerpt":"Ein Vortex HiFi Workshop - Wochenende findet in den FAST Audio HiFi - Studios in Stuttgart statt. Freitag den 21. April\u00a0 2017 von 14:00 bis 16:00 Uhr Freitag den 21. April\u00a0 2017 von 18:00 bis 20:00 Uhr Samstag den 22. April 2017 von 10:00 bis 12:00 Uhr Samstag von 22.\u2026","rel":"","context":"Similar post","img":{"alt_text":"","src":"https:\/\/i0.wp.com\/das.raumtuning.info\/wp-content\/uploads\/2017\/03\/thomas-fast-1.jpg?resize=350%2C200","width":350,"height":200},"classes":[]},{"id":4670,"url":"https:\/\/das.raumtuning.info\/?p=4670","url_meta":{"origin":3830,"position":3},"title":"Vortex HiFi Workshop bei fastaudio Struttgart am 27. und 28. September","date":"14. September 2019","format":false,"excerpt":"Weltpremiere LS 6 Vario Lautsprecherkabel Norbert Maurer das Mastermind von Vortex HiFi ist am 27. und 28. September bei fastaudio, Thomas Fast in seinen HiFi-Studios in der Br\u00e4hlesgasse 21, Stuttgart (Bad Cannstatt) zu Gast.\u00a0 Neben vielen Raumtuningstools zur Entst\u00f6rung gibt es eine Weltpremiere zu sehen, das neue LS 6 Vario\u2026","rel":"","context":"In &quot;Neuheit&quot;","img":{"alt_text":"","src":"https:\/\/i0.wp.com\/das.raumtuning.info\/wp-content\/uploads\/2013\/12\/nm-augen.jpg?fit=1124%2C208&ssl=1&resize=350%2C200","width":350,"height":200},"classes":[]},{"id":3011,"url":"https:\/\/das.raumtuning.info\/?p=3011","url_meta":{"origin":3830,"position":4},"title":"Vortex HiFi Workshop \u2013 Wochenende bei Sound&#038;Vision, am 12. und 13. Mai 2017","date":"8. Mai 2017","format":false,"excerpt":"Ein Vortex HiFi Workshop - Wochenende findet bei Sound&Vision, 20249 Hamburg, Eppendorfer Landstra\u00dfe 112 statt. Freitag den 12. Mai\u00a0 2017 von 14:00 bis 17:00 Uhr Freitag den 12. Mai\u00a0 2017 von 18:00 bis 20:00 Uhr Samstag den 13. Mai 2017 von 11:00 bis 14:00 Uhr Samstag von 13. Mai 2017\u2026","rel":"","context":"Similar post","img":{"alt_text":"","src":"https:\/\/i0.wp.com\/das.raumtuning.info\/wp-content\/uploads\/2017\/05\/580x350_SoundVision.jpg?resize=350%2C200","width":350,"height":200},"classes":[]},{"id":2961,"url":"https:\/\/das.raumtuning.info\/?p=2961","url_meta":{"origin":3830,"position":5},"title":"Vortex HiFi Workshop &#8211; Wochenende im Klangatelier Berlin, am 5. und 6. Mai 2017","date":"2. Mai 2017","format":false,"excerpt":"Ein Vortex HiFi Workshop - Wochenende findet im Klangatelier in der Keithstra\u00dfe 5 in 10787 Berlin statt. Erleben Sie live mit Entwickler Norbert Maurer was f\u00fcr ein riesiges Klangpotential in Ihrer \"HiFi-Anlage\" noch schlummert. Freitag 05.Mai 2017, 14:00 -17:00 Uhr Freitag 05.Mai 2017, 18:00 - 20:00 Uhr Samstag 06.Mai 2017,\u2026","rel":"","context":"Similar post","img":{"alt_text":"","src":"https:\/\/i0.wp.com\/das.raumtuning.info\/wp-content\/uploads\/2016\/02\/news18829.jpg?resize=350%2C200","width":350,"height":200},"classes":[]}],"gt_translate_keys":[{"key":"link","format":"url"}],"_links":{"self":[{"href":"https:\/\/das.raumtuning.info\/index.php?rest_route=\/wp\/v2\/posts\/3830","targetHints":{"allow":["GET"]}}],"collection":[{"href":"https:\/\/das.raumtuning.info\/index.php?rest_route=\/wp\/v2\/posts"}],"about":[{"href":"https:\/\/das.raumtuning.info\/index.php?rest_route=\/wp\/v2\/types\/post"}],"author":[{"embeddable":true,"href":"https:\/\/das.raumtuning.info\/index.php?rest_route=\/wp\/v2\/users\/1"}],"replies":[{"embeddable":true,"href":"https:\/\/das.raumtuning.info\/index.php?rest_route=%2Fwp%2Fv2%2Fcomments&post=3830"}],"version-history":[{"count":8,"href":"https:\/\/das.raumtuning.info\/index.php?rest_route=\/wp\/v2\/posts\/3830\/revisions"}],"predecessor-version":[{"id":6111,"href":"https:\/\/das.raumtuning.info\/index.php?rest_route=\/wp\/v2\/posts\/3830\/revisions\/6111"}],"wp:featuredmedia":[{"embeddable":true,"href":"https:\/\/das.raumtuning.info\/index.php?rest_route=\/wp\/v2\/media\/3856"}],"wp:attachment":[{"href":"https:\/\/das.raumtuning.info\/index.php?rest_route=%2Fwp%2Fv2%2Fmedia&parent=3830"}],"wp:term":[{"taxonomy":"category","embeddable":true,"href":"https:\/\/das.raumtuning.info\/index.php?rest_route=%2Fwp%2Fv2%2Fcategories&post=3830"},{"taxonomy":"post_tag","embeddable":true,"href":"https:\/\/das.raumtuning.info\/index.php?rest_route=%2Fwp%2Fv2%2Ftags&post=3830"}],"curies":[{"name":"wp","href":"https:\/\/api.w.org\/{rel}","templated":true}]}}