{"id":3842,"date":"2018-08-27T20:05:54","date_gmt":"2018-08-27T18:05:54","guid":{"rendered":"http:\/\/das.raumtuning.info\/?p=3842"},"modified":"2021-12-06T17:05:33","modified_gmt":"2021-12-06T16:05:33","slug":"da-haetten-wir-noch-ne-frage","status":"publish","type":"post","link":"https:\/\/das.raumtuning.info\/?p=3842","title":{"rendered":"Da h\u00e4tten wir noch \u2018ne Frage?","gt_translate_keys":[{"key":"rendered","format":"text"}]},"content":{"rendered":"<div class=\"page\" title=\"Page 14\">\n<div class=\"section\">\n<div class=\"layoutArea\">\n<div class=\"column\">\n<h5><strong>Norbert Maurer wurde vom Magazin f\u00fcr High Fidelity &#8211; H\u00f6rerlebnis &#8211; zu den Vortex HiFi Kabeln befragt. Hier das Interview.<\/strong><\/h5>\n<p><strong>HE:<\/strong> Wenn man sich Ihre Kabel n\u00e4her anschaut, findet man v\u00f6llig neue technische Details, die so in der HiFi-Szene nicht bekannt sind und gew\u00f6hnlich in der Baubiologie oder in der Alternativmedizin Anwendung finden.<\/p>\n<p><strong>Norbert Maurer:<\/strong> Wenn es um bestm\u00f6gliches Musikh\u00f6ren geht, steht bei uns prim\u00e4r der Mensch im Focus unserer \u00dcberlegungen. Erst dann folgt die Technik. Musik technisch betrachtet bedeutet doch nur, den Schall so perfekt wie m\u00f6glich zu reproduzieren. Was \u00fcbrigens schwierig ist, da mit zwei Kan\u00e4len aufgrund der kopfbezogenen \u00dcbertragungsfunktionen grunds\u00e4tzlich \u00fcber circa 15 dB Genauigkeit nicht zu erzielen sind. Dabei hat jede virtuelle Quelle je nach Ort andere Phasen- und Pegelfrequenzg\u00e4nge. \u00c4ndert sich die Perspektive hin zum Menschen, sind Emotionen und k\u00f6rperliche Reaktionen wie Fu\u00dfwippen und G\u00e4nsehaut gew\u00fcnscht. Musik h\u00f6rt man nicht origin\u00e4r wegen des Schalls. Musik kann uns zum Weinen bringen. Sie kann uns zu H\u00f6chstleistungen treiben. Sie beruhigt uns, macht uns gl\u00fccklich oder \u00e4ngstlich. Nur eines tut Musik nie: Sie l\u00e4sst uns niemals kalt.<\/p>\n<figure id=\"attachment_3849\" aria-describedby=\"caption-attachment-3849\" style=\"width: 474px\" class=\"wp-caption aligncenter\"><a href=\"https:\/\/i0.wp.com\/das.raumtuning.info\/wp-content\/uploads\/2018\/08\/Bild1.jpg\"><img fetchpriority=\"high\" decoding=\"async\" data-attachment-id=\"3849\" data-permalink=\"https:\/\/das.raumtuning.info\/?attachment_id=3849\" data-orig-file=\"https:\/\/i0.wp.com\/das.raumtuning.info\/wp-content\/uploads\/2018\/08\/Bild1.jpg?fit=1045%2C756&amp;ssl=1\" data-orig-size=\"1045,756\" data-comments-opened=\"1\" data-image-meta=\"{&quot;aperture&quot;:&quot;0&quot;,&quot;credit&quot;:&quot;&quot;,&quot;camera&quot;:&quot;&quot;,&quot;caption&quot;:&quot;&quot;,&quot;created_timestamp&quot;:&quot;0&quot;,&quot;copyright&quot;:&quot;&quot;,&quot;focal_length&quot;:&quot;0&quot;,&quot;iso&quot;:&quot;0&quot;,&quot;shutter_speed&quot;:&quot;0&quot;,&quot;title&quot;:&quot;&quot;,&quot;orientation&quot;:&quot;0&quot;}\" data-image-title=\"Bild1\" data-image-description=\"\" data-image-caption=\"\" data-medium-file=\"https:\/\/i0.wp.com\/das.raumtuning.info\/wp-content\/uploads\/2018\/08\/Bild1.jpg?fit=300%2C217&amp;ssl=1\" data-large-file=\"https:\/\/i0.wp.com\/das.raumtuning.info\/wp-content\/uploads\/2018\/08\/Bild1.jpg?fit=640%2C463&amp;ssl=1\" class=\"wp-image-3849 size-large\" src=\"https:\/\/i0.wp.com\/das.raumtuning.info\/wp-content\/uploads\/2018\/08\/Bild1.jpg?resize=474%2C343\" alt=\"\" width=\"474\" height=\"343\" srcset=\"https:\/\/i0.wp.com\/das.raumtuning.info\/wp-content\/uploads\/2018\/08\/Bild1.jpg?resize=1024%2C741&amp;ssl=1 1024w, https:\/\/i0.wp.com\/das.raumtuning.info\/wp-content\/uploads\/2018\/08\/Bild1.jpg?resize=150%2C109&amp;ssl=1 150w, https:\/\/i0.wp.com\/das.raumtuning.info\/wp-content\/uploads\/2018\/08\/Bild1.jpg?resize=300%2C217&amp;ssl=1 300w, https:\/\/i0.wp.com\/das.raumtuning.info\/wp-content\/uploads\/2018\/08\/Bild1.jpg?resize=768%2C556&amp;ssl=1 768w, https:\/\/i0.wp.com\/das.raumtuning.info\/wp-content\/uploads\/2018\/08\/Bild1.jpg?w=1045&amp;ssl=1 1045w\" sizes=\"(max-width: 474px) 100vw, 474px\" data-recalc-dims=\"1\" \/><\/a><figcaption id=\"caption-attachment-3849\" class=\"wp-caption-text\">Norbert Maurer erkl\u00e4rt im Workshop bei Loftsound warum mit Vortex HiFi &#8211; Produkten ohne Signal\u00e4nderung gro\u00dfe Unterschiede zu h\u00f6ren sind.<\/figcaption><\/figure>\n<div class=\"page\" title=\"Page 15\">\n<div class=\"section\">\n<div class=\"layoutArea\">\n<div class=\"column\">\n<p><strong>HE:<\/strong> Der Schall bewirkt doch auch k\u00f6rperliche Reaktionen. Warum reicht diese Betrachtungsweise nicht aus?<\/p>\n<p><strong>Norbert Maurer:<\/strong> Die eine, rein elektroakustische Betrachtungsweise hat schlicht keine Erkl\u00e4rungen f\u00fcr die musikalischen Ph\u00e4nomene, mit denen wir im HiFi konfrontiert werden. Wie soll man zum Beispiel elektroakustisch erkl\u00e4ren, dass ein Stromkabelwechsel die r\u00e4umliche Ortung in der Meridianebene deutlich ver\u00e4ndern kann. Mit dem einen Stromkabel h\u00f6rt man die S\u00e4ngerin stehend und mit dem anderen bestenfalls zwischen den Lautsprechern kniend. Wir wissen von dem Psychoakustiker Jens Blauert, dass die r\u00e4umliche H\u00f6henortung \u00fcber spezifische Frequenzb\u00e4nder erfolgt. Wie soll das ein Stromkabel ver\u00e4ndert haben? Ich k\u00f6nnte auch andere Kabel wie LAN-, USB-, Cinch- oder Lautsprecherkabel nehmen. Da geht das auch nicht. Beim Stromkabel ist dies allerdings am deutlichsten, da sich im Schall der anders verkabelten Anlage keine \u00c4nderung finden l\u00e4sst. Wir m\u00fcssen unseren Horizont \u00fcber die Elektroakustik hinaus erweitern, sonst werden wir HiFi nie verstehen und k\u00f6nnen den Kern der Musik nicht zuhause reproduzieren, das sind die Empfindungen, die Musik im K\u00f6rper ausl\u00f6st.<\/p>\n<p><strong>HE:<\/strong> Und was ist nun f\u00fcr den Kabelklang verantwortlich? Auf welche Ebene m\u00fcssen wir den Horizont erweitern?<\/p>\n<p><strong>Norbert Maurer:<\/strong> Genau das sagt uns die medizinische Forschung. Wir finden in der medizinischen Forschung, im Speziellen in der Umweltmedizin immer wieder Hinweise darauf, dass beim Auftreten elektromagnetischer Wellen festgestellt wurde, dass Nervenst\u00f6rungen entstehen. In der Wiener ATHEM-Studie waren die Potential\u00e4nderungen von aus dem H\u00f6rsystem stammenden Nervenimpulsen bei HF-Bestrahlung signifikant ver\u00e4ndert. Prof. Magda Havas zeigte bei einem Vortag auf einem WHO-Workshop in Prag, das erhebliche Ohrger\u00e4usche durch niederfrequente elektromagnetische Frequenzen auf Stromleitungen auftraten, so genannter Dirty Power. Der Freiburger Appell, der von 40.000 Medizinern unterschrieben wurde, weist ebenfalls ausdr\u00fccklich auf den Zusammenhang von Hochfrequenz und Ohrger\u00e4uschen hin. In meinen Grundlagen-Experimenten konnte ich feststellen, dass die Beeinflussung des H\u00f6rsystems durch elektromagnetische Wellen abh\u00e4ngig von der Qualit\u00e4t der Antennen war. Schlechte Antennen mit einem hohen Antennenrauschen verursachten st\u00e4rkere St\u00f6rungen. Mit entsprechenden Antennen konnte ich Ohrger\u00e4usche quasi ein- und ausschalten. Der Aufbau der Kabel bestimmt also unser H\u00f6rverm\u00f6gen. Deshalb klingen Kabel unterschiedlich. Das gilt f\u00fcr alle Arten von Kabel.<\/p>\n<\/div>\n<div class=\"column\">\n<p><strong>HE:<\/strong> Und wie konnten Sie nun diese St\u00f6rungen auf das H\u00f6rsystem verringern?<\/p>\n<p><strong>Norbert Maurer:<\/strong> In den 30 Jahren, in denen ich mich mit den H\u00f6rph\u00e4nomenen bei Kabeln besch\u00e4ftige, habe ich schnell festgestellt, dass ein Kabel f\u00fcr den Audio-Bereich wie ein Kabel f\u00fcr den Hochfrequenzbereich behandelt werden musste. Am Anfang wusste ich nichts von den fatalen klanglichen Auswirkungen vom Antennenrauschen schlechter Antennen. Trotzdem zeigte sich, dass der Wellenwiderstand, stehende Wellen und vor allem Wirbelstr\u00f6me kritisch waren. Das ist im HiFi-Bereich bei Steckerspezialisten mittlerweile Standard-Wissen. Dann kamen aufwendige Schirmungen hinzu: unter anderem die Schirmung auf Erdpotential. So konnten wir die Wirkungen verschmutzter Massen beseitigen. Den gr\u00f6\u00dften Sprung in Richtung authentischer und intensiver Musikempfindung haben wir aber durch die direkte Besch\u00e4ftigung mit dem Menschen und dem daraus entwickelten Einsatz alternativmedizinischer Techniken erreicht.<\/p>\n<div class=\"page\" title=\"Page 16\">\n<div class=\"section\">\n<div class=\"layoutArea\">\n<div class=\"column\">\n<p><strong>HE:<\/strong> Unter Wirbelstr\u00f6men und Schirmungen k\u00f6nnen sich die meisten wahrscheinlich etwas vorstellen, aber was meinen Sie mit alternativmedizinischen Techniken?<\/p>\n<p><strong>Norbert Maurer:<\/strong> Will man sich wissenschaftlich dem Thema St\u00f6rungen des Nervensystems durch elektromagnetische Wellen n\u00e4hern, so wird man feststellen, dass zwar die Beeinflussung selbst experimentell beobachtet wird, wie dies zum Beispiel die ATHEM-Studie belegt. Wie aber eine elektromagnetische Welle dieses tats\u00e4chlich bewirkt, liegt im Dunkeln. Man ist daher auf Modelle\u00a0angewiesen, die wissenschaftlich noch nicht bewiesen sind, aber mit den Erfahrungen der t\u00e4glichen Praxis \u00fcbereinstimmen. Hier ist vor allem der wirbeltheoretische Ansatz von Prof. Konstantin Meyl zu nennen. Dabei kommt man schnell zur Informationsmedizin wie Hom\u00f6opathie, der Steinheilkunde, usw. Meyls Ansatz zeigt eine biologisch wirkende Wellenform auf, der die Schwingungen der Informationsmedizin aufmoduliert werden k\u00f6nnen und so eine gezielte K\u00f6rperbeeinflussung erm\u00f6glichen. Hier kann man festhalten, dass erstens die Kabel diese biologisch wirkenden Wellenformen erzeugen und den K\u00f6rper stressen und so das H\u00f6ren verschlechtern. Zweitens nutzen wir diese Wellen, um die damit entstehen H\u00f6rprobleme \u00fcber gezielte steinheilkundliche Informationen (Schwingungen) zu l\u00f6sen. So verwenden wir in den gro\u00dfen Kabeln der blauen Serie dutzende speziell zusammengestellte Halbedelsteine, um das gesamte Empfindungssystem zu optimieren. Informationen sind Schwingungen, die wie ein Schl\u00fcssel wirken, um spezifische Wirkungen zu erreichen. Da das Nervensystem insgesamt unter den St\u00f6rungen der Kabel\/Sender leidet, messen wir den negativen Einfluss der Kabelst\u00f6rungen und den positiven Einfluss unserer Techniken \u00fcber ein EKG.<\/p>\n<figure id=\"attachment_3850\" aria-describedby=\"caption-attachment-3850\" style=\"width: 474px\" class=\"wp-caption aligncenter\"><a href=\"https:\/\/i0.wp.com\/das.raumtuning.info\/wp-content\/uploads\/2018\/08\/Bild2.jpg\"><img decoding=\"async\" data-attachment-id=\"3850\" data-permalink=\"https:\/\/das.raumtuning.info\/?attachment_id=3850\" data-orig-file=\"https:\/\/i0.wp.com\/das.raumtuning.info\/wp-content\/uploads\/2018\/08\/Bild2.jpg?fit=1045%2C604&amp;ssl=1\" data-orig-size=\"1045,604\" data-comments-opened=\"1\" data-image-meta=\"{&quot;aperture&quot;:&quot;0&quot;,&quot;credit&quot;:&quot;&quot;,&quot;camera&quot;:&quot;&quot;,&quot;caption&quot;:&quot;&quot;,&quot;created_timestamp&quot;:&quot;0&quot;,&quot;copyright&quot;:&quot;&quot;,&quot;focal_length&quot;:&quot;0&quot;,&quot;iso&quot;:&quot;0&quot;,&quot;shutter_speed&quot;:&quot;0&quot;,&quot;title&quot;:&quot;&quot;,&quot;orientation&quot;:&quot;0&quot;}\" data-image-title=\"Bild2\" data-image-description=\"\" data-image-caption=\"&lt;p&gt;Norbert Maurer stellt Vertretern der Fachpresse seine Produkte vor.&lt;\/p&gt;\n\" data-medium-file=\"https:\/\/i0.wp.com\/das.raumtuning.info\/wp-content\/uploads\/2018\/08\/Bild2.jpg?fit=300%2C173&amp;ssl=1\" data-large-file=\"https:\/\/i0.wp.com\/das.raumtuning.info\/wp-content\/uploads\/2018\/08\/Bild2.jpg?fit=640%2C370&amp;ssl=1\" class=\"size-large wp-image-3850\" src=\"https:\/\/i0.wp.com\/das.raumtuning.info\/wp-content\/uploads\/2018\/08\/Bild2.jpg?resize=474%2C274\" alt=\"\" width=\"474\" height=\"274\" srcset=\"https:\/\/i0.wp.com\/das.raumtuning.info\/wp-content\/uploads\/2018\/08\/Bild2.jpg?resize=1024%2C592&amp;ssl=1 1024w, https:\/\/i0.wp.com\/das.raumtuning.info\/wp-content\/uploads\/2018\/08\/Bild2.jpg?resize=150%2C87&amp;ssl=1 150w, https:\/\/i0.wp.com\/das.raumtuning.info\/wp-content\/uploads\/2018\/08\/Bild2.jpg?resize=300%2C173&amp;ssl=1 300w, https:\/\/i0.wp.com\/das.raumtuning.info\/wp-content\/uploads\/2018\/08\/Bild2.jpg?resize=768%2C444&amp;ssl=1 768w, https:\/\/i0.wp.com\/das.raumtuning.info\/wp-content\/uploads\/2018\/08\/Bild2.jpg?w=1045&amp;ssl=1 1045w\" sizes=\"(max-width: 474px) 100vw, 474px\" data-recalc-dims=\"1\" \/><\/a><figcaption id=\"caption-attachment-3850\" class=\"wp-caption-text\">Norbert Maurer stellt Vertretern der Fachpresse seine Produkte vor.<\/figcaption><\/figure>\n<div class=\"page\" title=\"Page 17\">\n<div class=\"section\">\n<div class=\"layoutArea\">\n<div class=\"column\">\n<p><strong>HE:<\/strong> Was bewirken dann diese Halbedelsteine in der Musikempfindung?<\/p>\n<p><strong>Norbert Maurer:<\/strong> Zu allererst, dass wir uns wohl f\u00fchlen. Wir reduzieren den \u00fcber das EKG messbaren Stress erheblich. Und dann passiert etwas ganz Phantastisches. Der Mensch wendet sich nach au\u00dfen und macht auf. Das bedeutet, w\u00e4hrend wir unter Stress nur eine recht undifferenzierte Wahrnehmung haben, verfeinert sich mit geringerem Stress pl\u00f6tzlich alles. Im Idealfall kann die volle H\u00f6rf\u00e4higkeit genutzt werden. Im Innenohr haben wir einen Mechanismus, der Coche\u00e4rer-Verst\u00e4rker hei\u00dft und der unter Stress nicht richtig funktioniert. Hier werden alle Feinheiten \u00fcber ein geregeltes System, in das das Gehirn einbezogen ist, um bis zum 1000- fachen verst\u00e4rkt. Hier im Geh\u00f6r, und nicht in der HiFi-Anlage, entstehen Details und Dynamik. Es wird verst\u00e4rkt, was wir h\u00f6ren wollen und es wird unterdr\u00fcckt, was uns st\u00f6rt. Diese Details transportieren Emotionen. Musik ber\u00fchrt uns und wir haben ein tieferes, musikalisches Empfinden. Unser ganzheitliches Ziel, Musik zu empfinden, wird so erreicht. Das alles bei dem v\u00f6llig identischen Schall.<\/p>\n<\/div>\n<\/div>\n<\/div>\n<\/div>\n<\/div>\n<\/div>\n<\/div>\n<\/div>\n<\/div>\n<\/div>\n<\/div>\n<\/div>\n<\/div>\n<\/div>\n<\/div>\n<\/div>\n","protected":false,"gt_translate_keys":[{"key":"rendered","format":"html"}]},"excerpt":{"rendered":"<p>Norbert Maurer wurde vom Magazin f\u00fcr High Fidelity &#8211; H\u00f6rerlebnis &#8211; zu den Vortex HiFi Kabeln befragt. Hier das Interview. HE: Wenn man sich Ihre Kabel n\u00e4her anschaut, findet man v\u00f6llig neue technische Details, die so in der HiFi-Szene nicht bekannt sind und gew\u00f6hnlich in der Baubiologie oder in der Alternativmedizin Anwendung finden. Norbert Maurer: Wenn es um bestm\u00f6gliches Musikh\u00f6ren geht, steht bei uns prim\u00e4r der Mensch im Focus unserer \u00dcberlegungen. Erst dann folgt die Technik. Musik technisch betrachtet bedeutet&#8230;<\/p>\n<p class=\"read-more\"><a class=\"btn btn-default\" href=\"https:\/\/das.raumtuning.info\/?p=3842\">Weiterlesen<span class=\"screen-reader-text\"> Weiterlesen<\/span><\/a><\/p>\n","protected":false,"gt_translate_keys":[{"key":"rendered","format":"html"}]},"author":1,"featured_media":3845,"comment_status":"open","ping_status":"closed","sticky":false,"template":"","format":"standard","meta":{"jetpack_post_was_ever_published":false,"footnotes":"","jetpack_publicize_message":"","jetpack_is_tweetstorm":false,"jetpack_publicize_feature_enabled":true,"jetpack_social_post_already_shared":true,"jetpack_social_options":[]},"categories":[41],"tags":[],"class_list":["post-3842","post","type-post","status-publish","format-standard","has-post-thumbnail","hentry","category-testberichte"],"jetpack_publicize_connections":[],"aioseo_notices":[],"jetpack_featured_media_url":"https:\/\/i0.wp.com\/das.raumtuning.info\/wp-content\/uploads\/2018\/08\/H\u00f6rerlebnis-titel-beschnitten.jpg?fit=1045%2C658&ssl=1","jetpack_sharing_enabled":true,"jetpack_shortlink":"https:\/\/wp.me\/p4hjs0-ZY","jetpack-related-posts":[{"id":6778,"url":"https:\/\/das.raumtuning.info\/?p=6778","url_meta":{"origin":3842,"position":0},"title":"HiFiToday Interview mit Siegfried Nehls \u00fcber energetisches Zubeh\u00f6r","date":"28. M\u00e4rz 2023","format":false,"excerpt":"\"Wir wollen erreichen, dass sich beim Musikh\u00f6ren G\u00e4nsehaut einstellt.\" Siegfried Nehls Siegfried Nehls ist eine Autorit\u00e4t in Sachen HiFi-Zubeh\u00f6r in Deutschland. Mit fast 50 Jahren Erfahrung im Bereich HiFi und HiFi-Zubeh\u00f6r wei\u00df er, wovon er spricht. Nehls wei\u00df, wie man HiFi-Anlagen auf h\u00f6chstem Niveau zum Klingen bringt und legt mit\u2026","rel":"","context":"Similar post","img":{"alt_text":"","src":"https:\/\/i0.wp.com\/das.raumtuning.info\/wp-content\/uploads\/2023\/03\/Siegfried-Nehls-e1680023525407.jpg?fit=1200%2C437&ssl=1&resize=350%2C200","width":350,"height":200},"classes":[]},{"id":5846,"url":"https:\/\/das.raumtuning.info\/?p=5846","url_meta":{"origin":3842,"position":1},"title":"Norbert Maurer im Interview mit Frank Wacker, HiFiToday","date":"24. September 2021","format":false,"excerpt":"Norbert Maurer spricht \u00fcber seine St\u00f6rertheorie mit Frank Wacker im HiFi-Today Hier link zum Original Interview Sie k\u00f6nnen aber auch das Interview vom 23.09.2021 hier lesen. Frank Wacker: Herr Maurer, statt die Hifi-Anlage zu optimieren, geht es bei VORTEX Hifi um die Entstressung des Menschen f\u00fcr ein nat\u00fcrliches H\u00f6rempfinden. Ein\u2026","rel":"","context":"Similar post","img":{"alt_text":"","src":"https:\/\/i0.wp.com\/img.youtube.com\/vi\/czCBYnDOVSk\/0.jpg?resize=350%2C200","width":350,"height":200},"classes":[]},{"id":8660,"url":"https:\/\/das.raumtuning.info\/?p=8660","url_meta":{"origin":3842,"position":2},"title":"Norbert Maurer Interview zum Thema Stromfilter","date":"25. M\u00e4rz 2025","format":false,"excerpt":"\"Klassische HiFi-Netzfilter sind nicht zukunftsf\u00e4hig!\" \u00a0 In einem aufschlussreichen Interview mit Frank Wacker von HIFI-TODAY teilt Norbert Maurer, der kreative Kopf hinter VORTEX HIFI, seine bahnbrechenden Erkenntnisse \u00fcber die Zukunft von HiFi-Netzfiltern. Kaum jemand hat sich so intensiv mit den Auswirkungen von Elektrosmog auf unser H\u00f6rerlebnis besch\u00e4ftigt wie er. Maurer\u2026","rel":"","context":"Similar post","img":{"alt_text":"","src":"","width":0,"height":0},"classes":[]},{"id":2112,"url":"https:\/\/das.raumtuning.info\/?p=2112","url_meta":{"origin":3842,"position":3},"title":"Termine: Norbert Maurer life","date":"17. Oktober 2015","format":false,"excerpt":"2020 - Aktuelle Termine Aufgrund der Infektionsgefahrt mit dem Coronavirus sind alle Workshops incl. dem Termin Anfang April abgesagt! Ziel der Workshops ist es, die Vortex HiFi Produkte erlebbar zu machen. Die neuen Vortex HiFi Produkte haben aber einen so un-glaublichen Einfluss auf Ihre K\u00f6rperkommunikation, dass wir dies mit Hilfe\u2026","rel":"","context":"In &quot;Produkte&quot;","img":{"alt_text":"","src":"https:\/\/i0.wp.com\/das.raumtuning.info\/wp-content\/uploads\/2015\/10\/norbert-maurer-kopf-2.jpg?fit=850%2C1200&ssl=1&resize=350%2C200","width":350,"height":200},"classes":[]},{"id":4545,"url":"https:\/\/das.raumtuning.info\/?p=4545","url_meta":{"origin":3842,"position":4},"title":"Test Vortex HiFi: Vibration Naturalizer Ger\u00e4tef\u00fc\u00dfe","date":"3. Juni 2019","format":false,"excerpt":"Marco Kolks vom werbefreien HiFi Magazin H\u00f6rerlebnis testete die Vortex HiFi Vibration Naturalizer Ger\u00e4tef\u00fc\u00dfe die sein Herz eroberten. Hier ein paar Zitate. \u00a0 ...Die klanglichen Unterschiede sind mit und ohne Ger\u00e4tefu\u0308\u00dfe von Vortex Hifi in der gesamten Kette frappierend und auf Anhieb h\u00f6rbar.... \u2026 wird man bemerken, dass die Anlage\u2026","rel":"","context":"Similar post","img":{"alt_text":"","src":"https:\/\/i0.wp.com\/das.raumtuning.info\/wp-content\/uploads\/2019\/06\/Ho\u0308rerlebnis-Vortex-Hifi-Gera\u0308tefu\u0308\u00dfe-Titel-beschnitten.jpg?fit=1157%2C1081&ssl=1&resize=350%2C200","width":350,"height":200},"classes":[]},{"id":2668,"url":"https:\/\/das.raumtuning.info\/?p=2668","url_meta":{"origin":3842,"position":5},"title":"Vortex HiFi Workshop bei ON\/OFF &#8211; HiFi in 56154 Boppard","date":"1. September 2016","format":false,"excerpt":"Der n\u00e4chste Vortex HiFi Workshop zum Thema \u201cMassest\u00f6rungen \u2013 den Klangkiller Nummer 1 beseitigen\u201d findet bei ON\/OFF HiFi statt. Herr Horst Insten von ON\/OFF und Herr Norbert Maurer von Vortex HiFi zeigen Ihnen theoretisch, messtechnisch und klanglich was Masseprobleme f\u00fcr Klangst\u00f6rungen verursachen und wie man Sie mit der Vortex HiFi\u2026","rel":"","context":"Similar post","img":{"alt_text":"","src":"https:\/\/i0.wp.com\/das.raumtuning.info\/wp-content\/uploads\/2013\/12\/norbert-maurer-kopf-2-sw.jpg?fit=850%2C1200&ssl=1&resize=350%2C200","width":350,"height":200},"classes":[]}],"gt_translate_keys":[{"key":"link","format":"url"}],"_links":{"self":[{"href":"https:\/\/das.raumtuning.info\/index.php?rest_route=\/wp\/v2\/posts\/3842","targetHints":{"allow":["GET"]}}],"collection":[{"href":"https:\/\/das.raumtuning.info\/index.php?rest_route=\/wp\/v2\/posts"}],"about":[{"href":"https:\/\/das.raumtuning.info\/index.php?rest_route=\/wp\/v2\/types\/post"}],"author":[{"embeddable":true,"href":"https:\/\/das.raumtuning.info\/index.php?rest_route=\/wp\/v2\/users\/1"}],"replies":[{"embeddable":true,"href":"https:\/\/das.raumtuning.info\/index.php?rest_route=%2Fwp%2Fv2%2Fcomments&post=3842"}],"version-history":[{"count":9,"href":"https:\/\/das.raumtuning.info\/index.php?rest_route=\/wp\/v2\/posts\/3842\/revisions"}],"predecessor-version":[{"id":6110,"href":"https:\/\/das.raumtuning.info\/index.php?rest_route=\/wp\/v2\/posts\/3842\/revisions\/6110"}],"wp:featuredmedia":[{"embeddable":true,"href":"https:\/\/das.raumtuning.info\/index.php?rest_route=\/wp\/v2\/media\/3845"}],"wp:attachment":[{"href":"https:\/\/das.raumtuning.info\/index.php?rest_route=%2Fwp%2Fv2%2Fmedia&parent=3842"}],"wp:term":[{"taxonomy":"category","embeddable":true,"href":"https:\/\/das.raumtuning.info\/index.php?rest_route=%2Fwp%2Fv2%2Fcategories&post=3842"},{"taxonomy":"post_tag","embeddable":true,"href":"https:\/\/das.raumtuning.info\/index.php?rest_route=%2Fwp%2Fv2%2Ftags&post=3842"}],"curies":[{"name":"wp","href":"https:\/\/api.w.org\/{rel}","templated":true}]}}