{"id":4484,"date":"2019-03-08T19:14:25","date_gmt":"2019-03-08T18:14:25","guid":{"rendered":"http:\/\/das.raumtuning.info\/?p=4484"},"modified":"2021-12-03T13:28:49","modified_gmt":"2021-12-03T12:28:49","slug":"hoererlebnis-test-vofrtex-hifi-iraser","status":"publish","type":"post","link":"https:\/\/das.raumtuning.info\/?p=4484","title":{"rendered":"H\u00f6rerlebnis Test Vortex HiFi Iraser","gt_translate_keys":[{"key":"rendered","format":"text"}]},"content":{"rendered":"\r\n<p>Marco Kolks vom H\u00f6rerlebnis ver\u00f6ffentlicht im aktuellen Heft Vortex HiFi Erkenntnisse \u00fcber klangliche Einflussfaktoren im Umfeld der HiFi &#8211; Komponenten aber auch in der Umwelt.<\/p>\r\n\r\n\r\n\r\n<p>Dabei stie\u00df er auf Klangfaktoren die er nie erwartet h\u00e4tte &#8211; und vor allem nicht in diesem Ausma\u00df. Er beschreibt auf 16 Seiten wie das Absp\u00fchlen von Entst\u00f6rmitteln unter fliesendem Wasser, aber auch das Abwischen von elektrostatisch geladenen Fl\u00e4chen, den Klang deutlich positiv beeinflusst. Als drittes zeigt er die klanglichen Probleme auf, welche sich mit allen Objekten zeigen, die Feldern ausgesetzt sind und testet unseren Iraser &#8211; Stab auf Herz und Nieren. Dabei kommt er zur Erkenntnis:<\/p>\r\n\r\n\r\n\r\n<blockquote class=\"wp-block-quote is-layout-flow wp-block-quote-is-layout-flow\">\r\n<p>Zitat: Die Anlage zaubert eine Musikwiedergabe in meinen Raum mit einer F\u00fclle, einer Intensit\u00e4t und einer Spannung, mit einer Gelassenheit und Selbstverst\u00e4ndlichkeit, die ich mir zwar immer gew\u00fcnscht habe, ich aber in dieser Form nicht hatte&#8230;<\/p>\r\n<p>&#8230;Musikh\u00f6ren nach dem Entmagnetisieren mit den Iraser-St\u00e4ben und dem Abwischen verschiedener Oberfl\u00e4chen mit einem nebelfeuchten Tuch macht so viel Freude, dass man nur noch zuh\u00f6rt und die \u00fcblichen Hifi-Fragen schnell vergisst. Angesichts ihrer F\u00e4higkeiten, mehr Musik in den H\u00f6rraum zu zaubern, ist diese Anschaffung preiswert. F\u00fcr mich steht fest: K\u00fcnftig werde ich mir ganz sicher regelm\u00e4\u00dfig Zeit fu\u0308r diese Tuningma\u00dfnahmen nehmen.<\/p>\r\n<cite>Marco Kolks, H\u00f6rerlebnis<\/cite><\/blockquote>\r\n\r\n\r\n\r\n<h2 class=\"wp-block-heading\">Den ganzen Test k\u00f6nnen Sie hier lesen:<\/h2>\r\n<iframe src=\"\/\/docs.google.com\/viewer?url=http%3A%2F%2Fdas.raumtuning.info%2Fwp-content%2Fuploads%2F2019%2F06%2FHo%CC%88rerlebnis-Vortex-Hifi-Iraser.pdf&hl=de&embedded=true\" class=\"gde-frame\" style=\"width:100%; height:500px; border: none;\" scrolling=\"no\"><\/iframe>\n<p class=\"gde-text\"><a href=\"http:\/\/das.raumtuning.info\/wp-content\/uploads\/2019\/06\/Ho\u0308rerlebnis-Vortex-Hifi-Iraser.pdf\" class=\"gde-link\">Download (PDF, 336KB)<\/a><\/p>\r\n\r\n\r\n\r\n\r\n\r\n<div class=\"wp-block-file\">\u00a0<\/div>\r\n","protected":false,"gt_translate_keys":[{"key":"rendered","format":"html"}]},"excerpt":{"rendered":"<p>Marco Kolks vom H\u00f6rerlebnis ver\u00f6ffentlicht im aktuellen Heft Vortex HiFi Erkenntnisse \u00fcber klangliche Einflussfaktoren im Umfeld der HiFi &#8211; Komponenten aber auch in der Umwelt. Dabei stie\u00df er auf Klangfaktoren die er nie erwartet h\u00e4tte &#8211; und vor allem nicht in diesem Ausma\u00df. Er beschreibt auf 16 Seiten wie das Absp\u00fchlen von Entst\u00f6rmitteln unter fliesendem Wasser, aber auch das Abwischen von elektrostatisch geladenen Fl\u00e4chen, den Klang deutlich positiv beeinflusst. Als drittes zeigt er die klanglichen Probleme auf, welche sich mit&#8230;<\/p>\n<p class=\"read-more\"><a class=\"btn btn-default\" href=\"https:\/\/das.raumtuning.info\/?p=4484\">Weiterlesen<span class=\"screen-reader-text\"> Weiterlesen<\/span><\/a><\/p>\n","protected":false,"gt_translate_keys":[{"key":"rendered","format":"html"}]},"author":1,"featured_media":0,"comment_status":"open","ping_status":"closed","sticky":false,"template":"","format":"standard","meta":{"jetpack_post_was_ever_published":false,"footnotes":"","jetpack_publicize_message":"","jetpack_is_tweetstorm":false,"jetpack_publicize_feature_enabled":true,"jetpack_social_post_already_shared":true,"jetpack_social_options":[]},"categories":[41,1],"tags":[],"class_list":["post-4484","post","type-post","status-publish","format-standard","hentry","category-testberichte","category-uncategorized"],"jetpack_publicize_connections":[],"aioseo_notices":[],"jetpack_featured_media_url":"","jetpack_sharing_enabled":true,"jetpack_shortlink":"https:\/\/wp.me\/p4hjs0-1ak","jetpack-related-posts":[{"id":6281,"url":"https:\/\/das.raumtuning.info\/?p=6281","url_meta":{"origin":4484,"position":0},"title":"Neuheit, Iraser 4 Sigma jetzt verf\u00fcgbar","date":"29. Januar 2022","format":false,"excerpt":"Der neue Iraser 4 Sigma ist nun in der Auslieferung. Darauf haben viele Analogfans gewartet, einen Iraser mit unserer Spitzeninformation Sigma und einem gro\u00dfen Magneten der leicht und schnell eine LP - bearbeiten kann. Schon die Testberichte der Iraser 1, 2 und 3 zeigten die vielf\u00e4ltigen M\u00f6glichkeiten der Iraser-Technik. Testbericht\u2026","rel":"","context":"Similar post","img":{"alt_text":"","src":"https:\/\/i0.wp.com\/das.raumtuning.info\/wp-content\/uploads\/2022\/01\/Iraser-4-im-Koffer-2.jpg-scaled.jpg?fit=1200%2C1023&ssl=1&resize=350%2C200","width":350,"height":200},"classes":[]},{"id":6298,"url":"https:\/\/das.raumtuning.info\/?p=6298","url_meta":{"origin":4484,"position":1},"title":"Der neue Standard im HiFi &#8211; Iraser 4 Sigma","date":"29. Januar 2022","format":false,"excerpt":"Der Iraser 4 Sigma sollte in jeder hochwertigen Anlage zum Standard geh\u00f6ren. Marco Kolks, H\u00f6rerlebnis Lesen Sie den Test - mehr muss man nicht wissen! \u00a0 Fazit: Die \u00dcberschrift \u201eEiner fu\u0308r alle\u201c ist bewusst gew\u00e4hlt. Ich kenne kein vergleichbares Produkt wie den Iraser 4 Sigma, den man so vielf\u00e4ltig einsetzen\u2026","rel":"","context":"Similar post","img":{"alt_text":"","src":"https:\/\/i0.wp.com\/das.raumtuning.info\/wp-content\/uploads\/2022\/01\/Iraser-4-im-Koffer-2.jpg-scaled.jpg?fit=1200%2C1023&ssl=1&resize=350%2C200","width":350,"height":200},"classes":[]},{"id":5288,"url":"https:\/\/das.raumtuning.info\/?p=5288","url_meta":{"origin":4484,"position":2},"title":"Iraser Stick AOI im HiFi-NL Test","date":"3. M\u00e4rz 2021","format":false,"excerpt":"Zitat:\"Der Iraser Stick ist eines der besten Accessoires, das mir seit drei\u00dfig Jahren begegnet ist.\" Der Jurnalist Johannes von Polen des in den den Niederlanden beheimateten HiFi-Portals HiFi-NL konnte die Auswirkungen des Vortex HiFi Iraser Stiks auf sein HiFi - System kaum fassen. Sein Fazit: Das Fazit ist klar: Der\u2026","rel":"","context":"Similar post","img":{"alt_text":"","src":"https:\/\/i0.wp.com\/das.raumtuning.info\/wp-content\/uploads\/2019\/01\/Iraser-I1-AIO-Quer.jpg?fit=1200%2C675&ssl=1&resize=350%2C200","width":350,"height":200},"classes":[]},{"id":4521,"url":"https:\/\/das.raumtuning.info\/?p=4521","url_meta":{"origin":4484,"position":3},"title":"Neuheiten-Workshop in  der HiFi-Lounge Zwickau","date":"21. M\u00e4rz 2019","format":"video","excerpt":"2019 \u2013 Aktuelle Termine im \u00dcberblick ___________________________________________________________________________ Fr. 22. M\u00e4rz 2018, 17:00 \u2013 19:00 Uhr,\u00a0 HiFi-Lounge, 08060\u00a0Zwickau, Marienthaler Str. 143 (Tel.:0375 \/ 5674895) Sa. 23. M\u00e4rz 2018, 10:00 \u2013 15:00 Uhr, HiFi-Lounge, 08060\u00a0Zwickau, Marienthaler Str. 143 (Tel.:0375 \/ 5674895) Inhalt der Workshops 2019: Schall ist \u00fcberall um Sie herum \u2013\u2026","rel":"","context":"Similar post","img":{"alt_text":"","src":"https:\/\/i0.wp.com\/das.raumtuning.info\/wp-content\/uploads\/2013\/12\/nm-augen.jpg?fit=1124%2C208&ssl=1&resize=350%2C200","width":350,"height":200},"classes":[]},{"id":4500,"url":"https:\/\/das.raumtuning.info\/?p=4500","url_meta":{"origin":4484,"position":4},"title":"Das H\u00f6rerlebnis Interview im Iraser Test","date":"20. M\u00e4rz 2019","format":false,"excerpt":"Unter der \u00dcberschrift \"wir haben da noch eine Frage\" ver\u00f6ffendlichte das H\u00f6rerlebnis im neuesten Vortex HiFi Iraser Test ein Interview mit Norbert Maurer \u00fcber die Klangpflege einer HiFi -Anlage. Lesen Sie hier das Interview: Wir haben da noch eine Frage? HE: Herr Maurer, im Bericht haben wir erw\u00e4hnt, dass auch\u2026","rel":"","context":"Similar post","img":{"alt_text":"","src":"https:\/\/i0.wp.com\/das.raumtuning.info\/wp-content\/uploads\/2013\/12\/norbert-maurer-kopf-2-sw-1.jpg?fit=850%2C1200&ssl=1&resize=350%2C200","width":350,"height":200},"classes":[]},{"id":4617,"url":"https:\/\/das.raumtuning.info\/?p=4617","url_meta":{"origin":4484,"position":5},"title":"S\u00fcddeutsche HiFi &#8211; Tage mit Vortex HiFi","date":"3. September 2019","format":false,"excerpt":"Lieber Musikh\u00f6rer, Vortex HiFi ist am 7. und 8. September auf den S\u00fcddeutschen HiFi Tagen bei Thomas Fast zu Gast. In den R\u00e4umen 223 und 225 von fastaudio k\u00f6nnen Sie eine gro\u00dfe Auswahl unserer Raumoptimierungstools h\u00f6ren und sehen. Im Raum 223 finden den ganzen Tag Demonstrationen einzelner Entst\u00f6rungstools statt. Dabei\u2026","rel":"","context":"In &quot;Ausstellung&quot;","img":{"alt_text":"","src":"https:\/\/i0.wp.com\/das.raumtuning.info\/wp-content\/uploads\/2013\/12\/nm-augen.jpg?fit=1124%2C208&ssl=1&resize=350%2C200","width":350,"height":200},"classes":[]}],"gt_translate_keys":[{"key":"link","format":"url"}],"_links":{"self":[{"href":"https:\/\/das.raumtuning.info\/index.php?rest_route=\/wp\/v2\/posts\/4484","targetHints":{"allow":["GET"]}}],"collection":[{"href":"https:\/\/das.raumtuning.info\/index.php?rest_route=\/wp\/v2\/posts"}],"about":[{"href":"https:\/\/das.raumtuning.info\/index.php?rest_route=\/wp\/v2\/types\/post"}],"author":[{"embeddable":true,"href":"https:\/\/das.raumtuning.info\/index.php?rest_route=\/wp\/v2\/users\/1"}],"replies":[{"embeddable":true,"href":"https:\/\/das.raumtuning.info\/index.php?rest_route=%2Fwp%2Fv2%2Fcomments&post=4484"}],"version-history":[{"count":9,"href":"https:\/\/das.raumtuning.info\/index.php?rest_route=\/wp\/v2\/posts\/4484\/revisions"}],"predecessor-version":[{"id":6093,"href":"https:\/\/das.raumtuning.info\/index.php?rest_route=\/wp\/v2\/posts\/4484\/revisions\/6093"}],"wp:attachment":[{"href":"https:\/\/das.raumtuning.info\/index.php?rest_route=%2Fwp%2Fv2%2Fmedia&parent=4484"}],"wp:term":[{"taxonomy":"category","embeddable":true,"href":"https:\/\/das.raumtuning.info\/index.php?rest_route=%2Fwp%2Fv2%2Fcategories&post=4484"},{"taxonomy":"post_tag","embeddable":true,"href":"https:\/\/das.raumtuning.info\/index.php?rest_route=%2Fwp%2Fv2%2Ftags&post=4484"}],"curies":[{"name":"wp","href":"https:\/\/api.w.org\/{rel}","templated":true}]}}