{"id":4545,"date":"2019-06-03T14:26:56","date_gmt":"2019-06-03T12:26:56","guid":{"rendered":"http:\/\/das.raumtuning.info\/?p=4545"},"modified":"2019-06-03T14:34:42","modified_gmt":"2019-06-03T12:34:42","slug":"test-vortex-hifi-vibration-naturalizer-geraetefuesse","status":"publish","type":"post","link":"https:\/\/das.raumtuning.info\/?p=4545","title":{"rendered":"Test Vortex HiFi: Vibration Naturalizer Ger\u00e4tef\u00fc\u00dfe","gt_translate_keys":[{"key":"rendered","format":"text"}]},"content":{"rendered":"<h4>Marco Kolks vom werbefreien HiFi Magazin H\u00f6rerlebnis testete die Vortex HiFi Vibration Naturalizer Ger\u00e4tef\u00fc\u00dfe die sein Herz eroberten.<\/h4>\n<p>Hier ein paar Zitate.<\/p>\n<p>&nbsp;<\/p>\n<blockquote><p>&#8230;Die klanglichen Unterschiede sind mit und ohne Ger\u00e4tefu\u0308\u00dfe von Vortex Hifi in der gesamten Kette frappierend und auf Anhieb h\u00f6rbar&#8230;.<\/p>\n<p>\u2026 wird man bemerken, dass die Anlage auf den Vortex Hifi-Ger\u00e4tef\u00fc\u00dfen im Grund von der Tiefe der T\u00f6ne her genauso weit oder gar weiter herabreicht und dass sie nun in diesem Bereich sehr viel pr\u00e4ziser die Konturen der Kl\u00e4nge aufbauen kann (\u201eEcho\u201c)&#8230;.<\/p>\n<p>&#8230;Es klingt nat\u00fcrlich und das ist ausgezeichnet, weil sich mithilfe der Vortex Hifi-Ger\u00e4tef\u00fc\u00dfe der Eindruck einstellt, man habe eine ma\u00dfstabsgetreue Skizze des Raumes vor Augen&#8230;.<\/p>\n<p>&#8230;Ein anderes Terrain, auf dem die Vortex Hifi-Ger\u00e4tef\u00fc\u00dfe gl\u00e4nzen, ist die Dynamik. Die \u00dcberlegungen von Norbert Maurer zu den Schallleitungseigenschaften von Materialien und mechanischen Verbindungen zahlen sich bei der Wiedergabe der dynamischen Profile von komplexen Klangfolgen aus&#8230;.<\/p>\n<p>&#8230;Das gelingt ihr mit den Vortex Hifi-Ger\u00e4tef\u00fc\u00dfen eindeutig besser. Die Vielzahl und Nuancierungen der Griffe, die Komponenten der Geschwindigkeit also, werden nun mit enormer Akribie aufgel\u00f6st&#8230;.<\/p>\n<p>&#8230;Das H\u00f6ren ihres Albums ger\u00e4t mehr zu einem Erlebnis. Die Klangcharakteristik ist vitaler und substanzvoller. \u201eSt\u00f6rer\u201c haben also einen Einfluss auf den Klang, selbst wenn sie nicht im gleichen H\u00f6rraum genutzt werden. Zugegeben: Das h\u00f6rt sich abgedreht an und das ist es auch. Trotzdem wird mein Tablet in H\u00f6rr\u00e4umen k\u00fcnftig nur noch auf Vortex Hifi-Ger\u00e4tef\u00fc\u00dfen liegen&#8230;.<\/p>\n<p><strong>&#8230;Fazit: <\/strong>Wenn die Vortex Hifi-Ger\u00e4tef\u00fc\u00dfe ihren Platz unter allen Komponenten gefunden haben, erobern sie schnell das Herz ihrer H\u00f6rer. Die Tieftonwiedergabe legt zu, ein Kontrabass spielt glaubhafter. In den H\u00f6hen und Mitten bekommen Streicher einen Hauch mehr Glanz. Rhythmischere Nuancen und dynamischerer Fluss schaffen eine musikalischere Atmosph\u00e4re. Die Musik lebt, Kl\u00e4nge sind bestimmter von Grundton und Farbe. Mehr Durchh\u00f6rbarkeit von Differenzen, also Schattierungen, und von Details machen das H\u00f6ren zu einem Erleben&#8230;<\/p><\/blockquote>\n<iframe src=\"\/\/docs.google.com\/viewer?url=http%3A%2F%2Fdas.raumtuning.info%2Fwp-content%2Fuploads%2F2019%2F06%2FHo%CC%88rerlebnis-Vortex-Hifi-Gera%CC%88tefu%CC%88%C3%9Fe-Web.pdf&hl=de&embedded=true\" class=\"gde-frame\" style=\"width:100%; height:500px; border: none;\" scrolling=\"no\"><\/iframe>\n<p class=\"gde-text\"><a href=\"http:\/\/das.raumtuning.info\/wp-content\/uploads\/2019\/06\/Ho\u0308rerlebnis-Vortex-Hifi-Gera\u0308tefu\u0308\u00dfe-Web.pdf\" class=\"gde-link\">Download (PDF, 235KB)<\/a><\/p>\n<p>&nbsp;<\/p>\n","protected":false,"gt_translate_keys":[{"key":"rendered","format":"html"}]},"excerpt":{"rendered":"<p>Marco Kolks vom werbefreien HiFi Magazin H\u00f6rerlebnis testete die Vortex HiFi Vibration Naturalizer Ger\u00e4tef\u00fc\u00dfe die sein Herz eroberten. Hier ein paar Zitate. &nbsp; &#8230;Die klanglichen Unterschiede sind mit und ohne Ger\u00e4tefu\u0308\u00dfe von Vortex Hifi in der gesamten Kette frappierend und auf Anhieb h\u00f6rbar&#8230;. \u2026 wird man bemerken, dass die Anlage auf den Vortex Hifi-Ger\u00e4tef\u00fc\u00dfen im Grund von der Tiefe der T\u00f6ne her genauso weit oder gar weiter herabreicht und dass sie nun in diesem Bereich sehr viel pr\u00e4ziser die Konturen&#8230;<\/p>\n<p class=\"read-more\"><a class=\"btn btn-default\" href=\"https:\/\/das.raumtuning.info\/?p=4545\">Weiterlesen<span class=\"screen-reader-text\"> Weiterlesen<\/span><\/a><\/p>\n","protected":false,"gt_translate_keys":[{"key":"rendered","format":"html"}]},"author":1,"featured_media":4549,"comment_status":"open","ping_status":"closed","sticky":false,"template":"","format":"standard","meta":{"jetpack_post_was_ever_published":false,"footnotes":"","jetpack_publicize_message":"","jetpack_is_tweetstorm":false,"jetpack_publicize_feature_enabled":true,"jetpack_social_post_already_shared":true,"jetpack_social_options":[]},"categories":[1],"tags":[],"class_list":["post-4545","post","type-post","status-publish","format-standard","has-post-thumbnail","hentry","category-uncategorized"],"jetpack_publicize_connections":[],"aioseo_notices":[],"jetpack_featured_media_url":"https:\/\/i0.wp.com\/das.raumtuning.info\/wp-content\/uploads\/2019\/06\/Ho\u0308rerlebnis-Vortex-Hifi-Gera\u0308tefu\u0308\u00dfe-Titel-beschnitten.jpg?fit=1157%2C1081&ssl=1","jetpack_sharing_enabled":true,"jetpack_shortlink":"https:\/\/wp.me\/p4hjs0-1bj","jetpack-related-posts":[{"id":3422,"url":"https:\/\/das.raumtuning.info\/?p=3422","url_meta":{"origin":4545,"position":0},"title":"Vibration Naturalizer Ger\u00e4tef\u00fc\u00dfe von Vortex HiFi","date":"1. Februar 2018","format":false,"excerpt":"\"Gro\u00dfes Staunen und wiederum die Erkenntnis, dass Sie offenh\u00f6rlich wissen was Sie tun...\" Dieses Video aus der Reihe short and simple erkl\u00e4rt die wichtigsten Eigenschaften und die Anwendung der Vortex HiFi Ger\u00e4tef\u00fc\u00dfe. https:\/\/youtu.be\/4CA8W_5tvSk Wir freuen uns, unsere Ger\u00e4tef\u00fc\u00dfe, Lautsprecherf\u00fc\u00dfe und Kabellifter in Vibration Naturalizer - Technik vorzustellen. Wir haben dabei\u2026","rel":"","context":"In &quot;Neuheit&quot;","img":{"alt_text":"","src":"https:\/\/i0.wp.com\/das.raumtuning.info\/wp-content\/uploads\/2018\/01\/Alle-F\u00fc\u00dfe-Schwarz-Hintergrund-unscharf-zoom-1.jpg?fit=1200%2C675&ssl=1&resize=350%2C200","width":350,"height":200},"classes":[]},{"id":3436,"url":"https:\/\/das.raumtuning.info\/?p=3436","url_meta":{"origin":4545,"position":1},"title":"Vergessen Sie alles was Sie bisher \u00fcber Ger\u00e4tef\u00fc\u00dfe gelernt, getestet und selbst in unz\u00e4hligen H\u00f6rvergleichen erfahren haben!","date":"6. Februar 2018","format":false,"excerpt":"Der HiFi - Zubeh\u00f6r Spezialist Carsten Haugk testete die Vortex HiFi Ger\u00e4tef\u00fc\u00dfe und ist begeistert. Lesen Sie hier seinen Bericht \u00fcber die Vortex HiFi Ger\u00e4tef\u00fc\u00dfe: Zitat hifi-zubeh\u00f6r-Website von Herrn Haugk: \"Vergessen Sie alles was Sie bisher \u00fcber Ger\u00e4tef\u00fc\u00dfe gelernt, getestet und selbst in unz\u00e4hligen H\u00f6rvergleichen erfahren haben! Ich muss selbst\u2026","rel":"","context":"In &quot;Kundenmeinung&quot;","img":{"alt_text":"","src":"https:\/\/i0.wp.com\/das.raumtuning.info\/wp-content\/uploads\/2018\/01\/VN30-Schwarz-und-Natur-Hintergrund-unscharf-zoom.jpg?fit=1200%2C675&ssl=1&resize=350%2C200","width":350,"height":200},"classes":[]},{"id":5321,"url":"https:\/\/das.raumtuning.info\/?p=5321","url_meta":{"origin":4545,"position":2},"title":"3 Jahre Vortex HiFi &#8211; Erfahrungsbericht im hifitoday","date":"1. April 2021","format":false,"excerpt":"Neu entdecktes Klangpotential Der Journalist Frank Wacker beschreibt seine pers\u00f6nliche Reise in die Vortex HiFi Welt und wie er dabei ein v\u00f6llig neues Klangpotential f\u00fcr sich erschlossen hat. Dabei beschreibt er wie sich die Vortex HiFi Schritte von den bisherigen in seiner 25j\u00e4hrigen HiFi-Karriere unterscheiden. Dabei kommt er zum Fazit:\u2026","rel":"","context":"Similar post","img":{"alt_text":"","src":"https:\/\/i0.wp.com\/das.raumtuning.info\/wp-content\/uploads\/2021\/04\/VORTEX_Fuesse_DSC00104_840x559.jpg?fit=840%2C559&ssl=1&resize=350%2C200","width":350,"height":200},"classes":[]},{"id":4869,"url":"https:\/\/das.raumtuning.info\/?p=4869","url_meta":{"origin":4545,"position":3},"title":"Blitzblanker Klang durch antistatik Bienenwachs","date":"24. M\u00e4rz 2020","format":false,"excerpt":"Vortex HiFi Surface Optimizer 50 ml Wie wir in unserer Information zur Klangpflege beschrieben haben ist ein deutlicher Klangfaktor die statische Ladung auf allen Oberfl\u00e4chen aus Glas, CD\u00b4s, DVD\u00b4s, Kunststoff (Kabel) aber auch lackierten H\u00f6lzern. Ein Griff zum nebelfeuchten Tuch und alle Fl\u00e4chen mit statischer Ladung abwischen und schon ist\u2026","rel":"","context":"Similar post","img":{"alt_text":"","src":"https:\/\/i0.wp.com\/das.raumtuning.info\/wp-content\/uploads\/2020\/03\/vortex-hifi-surface-optimizer-statische-aufladung-nachhaltig-mindern-varbild-29314.jpeg?fit=1200%2C1200&ssl=1&resize=350%2C200","width":350,"height":200},"classes":[]},{"id":3511,"url":"https:\/\/das.raumtuning.info\/?p=3511","url_meta":{"origin":4545,"position":4},"title":"Workshop Nachlese On\/Off HiFi","date":"14. Juni 2018","format":false,"excerpt":"\"Wer nicht da war hat einiges vers\u00e4umt, der Unterschied zu den bisherigen Workshops ist heftig,\" \u00a0Zitat Horst Insten - Inhaber On\/Off Am 13. und 14. April durfte ich einen Workshop bei On\/Off - HiFi in Boppard durchf\u00fchren. Ich durfte die ganze Klaviatur von Vortex HiFi Optimierungen vorf\u00fchren. Es machte wieder\u2026","rel":"","context":"In &quot;Kundenmeinung&quot;","img":{"alt_text":"","src":"https:\/\/i0.wp.com\/das.raumtuning.info\/wp-content\/uploads\/2013\/12\/nm-augen.jpg?fit=1124%2C208&ssl=1&resize=350%2C200","width":350,"height":200},"classes":[]},{"id":4617,"url":"https:\/\/das.raumtuning.info\/?p=4617","url_meta":{"origin":4545,"position":5},"title":"S\u00fcddeutsche HiFi &#8211; Tage mit Vortex HiFi","date":"3. September 2019","format":false,"excerpt":"Lieber Musikh\u00f6rer, Vortex HiFi ist am 7. und 8. September auf den S\u00fcddeutschen HiFi Tagen bei Thomas Fast zu Gast. In den R\u00e4umen 223 und 225 von fastaudio k\u00f6nnen Sie eine gro\u00dfe Auswahl unserer Raumoptimierungstools h\u00f6ren und sehen. Im Raum 223 finden den ganzen Tag Demonstrationen einzelner Entst\u00f6rungstools statt. Dabei\u2026","rel":"","context":"In &quot;Ausstellung&quot;","img":{"alt_text":"","src":"https:\/\/i0.wp.com\/das.raumtuning.info\/wp-content\/uploads\/2013\/12\/nm-augen.jpg?fit=1124%2C208&ssl=1&resize=350%2C200","width":350,"height":200},"classes":[]}],"gt_translate_keys":[{"key":"link","format":"url"}],"_links":{"self":[{"href":"https:\/\/das.raumtuning.info\/index.php?rest_route=\/wp\/v2\/posts\/4545","targetHints":{"allow":["GET"]}}],"collection":[{"href":"https:\/\/das.raumtuning.info\/index.php?rest_route=\/wp\/v2\/posts"}],"about":[{"href":"https:\/\/das.raumtuning.info\/index.php?rest_route=\/wp\/v2\/types\/post"}],"author":[{"embeddable":true,"href":"https:\/\/das.raumtuning.info\/index.php?rest_route=\/wp\/v2\/users\/1"}],"replies":[{"embeddable":true,"href":"https:\/\/das.raumtuning.info\/index.php?rest_route=%2Fwp%2Fv2%2Fcomments&post=4545"}],"version-history":[{"count":3,"href":"https:\/\/das.raumtuning.info\/index.php?rest_route=\/wp\/v2\/posts\/4545\/revisions"}],"predecessor-version":[{"id":4551,"href":"https:\/\/das.raumtuning.info\/index.php?rest_route=\/wp\/v2\/posts\/4545\/revisions\/4551"}],"wp:featuredmedia":[{"embeddable":true,"href":"https:\/\/das.raumtuning.info\/index.php?rest_route=\/wp\/v2\/media\/4549"}],"wp:attachment":[{"href":"https:\/\/das.raumtuning.info\/index.php?rest_route=%2Fwp%2Fv2%2Fmedia&parent=4545"}],"wp:term":[{"taxonomy":"category","embeddable":true,"href":"https:\/\/das.raumtuning.info\/index.php?rest_route=%2Fwp%2Fv2%2Fcategories&post=4545"},{"taxonomy":"post_tag","embeddable":true,"href":"https:\/\/das.raumtuning.info\/index.php?rest_route=%2Fwp%2Fv2%2Ftags&post=4545"}],"curies":[{"name":"wp","href":"https:\/\/api.w.org\/{rel}","templated":true}]}}