{"id":4617,"date":"2019-09-03T17:39:48","date_gmt":"2019-09-03T15:39:48","guid":{"rendered":"http:\/\/das.raumtuning.info\/?p=4617"},"modified":"2021-12-03T13:06:21","modified_gmt":"2021-12-03T12:06:21","slug":"sueddeutsche-hifi-tage-mit-vortex-hifi","status":"publish","type":"post","link":"https:\/\/das.raumtuning.info\/?p=4617","title":{"rendered":"S\u00fcddeutsche HiFi &#8211; Tage mit Vortex HiFi","gt_translate_keys":[{"key":"rendered","format":"text"}]},"content":{"rendered":"<p><img fetchpriority=\"high\" decoding=\"async\" data-attachment-id=\"4618\" data-permalink=\"https:\/\/das.raumtuning.info\/?attachment_id=4618\" data-orig-file=\"https:\/\/i0.wp.com\/das.raumtuning.info\/wp-content\/uploads\/2019\/09\/Wir-stellen-aus.jpg?fit=826%2C472&amp;ssl=1\" data-orig-size=\"826,472\" data-comments-opened=\"1\" data-image-meta=\"{&quot;aperture&quot;:&quot;0&quot;,&quot;credit&quot;:&quot;&quot;,&quot;camera&quot;:&quot;&quot;,&quot;caption&quot;:&quot;&quot;,&quot;created_timestamp&quot;:&quot;0&quot;,&quot;copyright&quot;:&quot;&quot;,&quot;focal_length&quot;:&quot;0&quot;,&quot;iso&quot;:&quot;0&quot;,&quot;shutter_speed&quot;:&quot;0&quot;,&quot;title&quot;:&quot;&quot;,&quot;orientation&quot;:&quot;0&quot;}\" data-image-title=\"Wir stellen aus!\" data-image-description=\"\" data-image-caption=\"\" data-medium-file=\"https:\/\/i0.wp.com\/das.raumtuning.info\/wp-content\/uploads\/2019\/09\/Wir-stellen-aus.jpg?fit=300%2C171&amp;ssl=1\" data-large-file=\"https:\/\/i0.wp.com\/das.raumtuning.info\/wp-content\/uploads\/2019\/09\/Wir-stellen-aus.jpg?fit=640%2C366&amp;ssl=1\" class=\" wp-image-4618 aligncenter\" src=\"https:\/\/i0.wp.com\/das.raumtuning.info\/wp-content\/uploads\/2019\/09\/Wir-stellen-aus.jpg?resize=640%2C364\" alt=\"\" width=\"640\" height=\"364\" srcset=\"https:\/\/i0.wp.com\/das.raumtuning.info\/wp-content\/uploads\/2019\/09\/Wir-stellen-aus.jpg?resize=300%2C171&amp;ssl=1 300w, https:\/\/i0.wp.com\/das.raumtuning.info\/wp-content\/uploads\/2019\/09\/Wir-stellen-aus.jpg?resize=150%2C86&amp;ssl=1 150w, https:\/\/i0.wp.com\/das.raumtuning.info\/wp-content\/uploads\/2019\/09\/Wir-stellen-aus.jpg?w=826&amp;ssl=1 826w\" sizes=\"(max-width: 640px) 100vw, 640px\" data-recalc-dims=\"1\" \/><\/p>\n<p><strong>Lieber<img decoding=\"async\" data-attachment-id=\"2973\" data-permalink=\"https:\/\/das.raumtuning.info\/?attachment_id=2973\" data-orig-file=\"https:\/\/i0.wp.com\/das.raumtuning.info\/wp-content\/uploads\/2013\/12\/norbert-maurer-kopf-2-sw-1.jpg?fit=1125%2C1588&amp;ssl=1\" data-orig-size=\"1125,1588\" data-comments-opened=\"1\" data-image-meta=\"{&quot;aperture&quot;:&quot;2.8&quot;,&quot;credit&quot;:&quot;&quot;,&quot;camera&quot;:&quot;Canon EOS-1D Mark II&quot;,&quot;caption&quot;:&quot;&quot;,&quot;created_timestamp&quot;:&quot;1095155999&quot;,&quot;copyright&quot;:&quot;&quot;,&quot;focal_length&quot;:&quot;150&quot;,&quot;iso&quot;:&quot;800&quot;,&quot;shutter_speed&quot;:&quot;0.000625&quot;,&quot;title&quot;:&quot;&quot;,&quot;orientation&quot;:&quot;1&quot;}\" data-image-title=\"norbert maurer kopf 2 sw\" data-image-description=\"\" data-image-caption=\"\" data-medium-file=\"https:\/\/i0.wp.com\/das.raumtuning.info\/wp-content\/uploads\/2013\/12\/norbert-maurer-kopf-2-sw-1.jpg?fit=213%2C300&amp;ssl=1\" data-large-file=\"https:\/\/i0.wp.com\/das.raumtuning.info\/wp-content\/uploads\/2013\/12\/norbert-maurer-kopf-2-sw-1.jpg?fit=640%2C904&amp;ssl=1\" class=\"size-medium wp-image-2973 alignleft\" src=\"https:\/\/i0.wp.com\/das.raumtuning.info\/wp-content\/uploads\/2013\/12\/norbert-maurer-kopf-2-sw-1.jpg?resize=213%2C300\" alt=\"\" width=\"213\" height=\"300\" srcset=\"https:\/\/i0.wp.com\/das.raumtuning.info\/wp-content\/uploads\/2013\/12\/norbert-maurer-kopf-2-sw-1.jpg?resize=213%2C300&amp;ssl=1 213w, https:\/\/i0.wp.com\/das.raumtuning.info\/wp-content\/uploads\/2013\/12\/norbert-maurer-kopf-2-sw-1.jpg?resize=106%2C150&amp;ssl=1 106w, https:\/\/i0.wp.com\/das.raumtuning.info\/wp-content\/uploads\/2013\/12\/norbert-maurer-kopf-2-sw-1.jpg?resize=725%2C1024&amp;ssl=1 725w, https:\/\/i0.wp.com\/das.raumtuning.info\/wp-content\/uploads\/2013\/12\/norbert-maurer-kopf-2-sw-1.jpg?w=1125&amp;ssl=1 1125w\" sizes=\"(max-width: 213px) 100vw, 213px\" data-recalc-dims=\"1\" \/> Musikh\u00f6rer,<\/strong><\/p>\n<p>Vortex HiFi ist am 7. und 8. September auf den S\u00fcddeutschen HiFi Tagen bei Thomas Fast zu Gast. In den R\u00e4umen 223 und 225 von fastaudio k\u00f6nnen Sie eine gro\u00dfe Auswahl unserer Raumoptimierungstools h\u00f6ren und sehen.<\/p>\n<p>Im Raum 223 finden den ganzen Tag Demonstrationen einzelner Entst\u00f6rungstools statt. Dabei k\u00f6nnen Sie den Unterschied erleben wie ein Raum mit und ohne verschiedener Entst\u00f6rprodukte klingt.<\/p>\n<p><strong>Zu h\u00f6ren sind unter anderem:<\/strong><\/p>\n<ul>\n<li>Die Referenz Kabelserie von der Stromversorgung bis zum Lautsprecherkabel. Erleben Sie Musik auf einem anderen Niveau wenn Kabel 98% vorher vorhadener St\u00f6rungen reduzieren.<\/li>\n<li>Erleben Sie wie sich Potentialausgleichsst\u00f6rungen durch unseren exclusiven Ground Optimizer in Luft aufl\u00f6sen und sich ein unfassbar r\u00e4umlicher und luftiger Klang\u00a0 einstellt. (<a href=\"http:\/\/das.raumtuning.info\/?p=3172\" target=\"_blank\" rel=\"noopener noreferrer\">Testbericht H\u00f6rerlebnis<\/a>)<\/li>\n<li>Erleben Sie wie Klang sich anf\u00fchlt wenn biologisch relevante Netztst\u00f6rungen sich durch unserre exclusiven BOB-Filter nicht mehr beim Musikh\u00f6ren ablenken. (<a href=\"http:\/\/das.raumtuning.info\/?p=3064\" target=\"_blank\" rel=\"noopener noreferrer\">Testbericht H\u00f6rerlebnis<\/a>, <a href=\"http:\/\/das.raumtuning.info\/?p=3134\" target=\"_blank\" rel=\"noopener noreferrer\">Testbericht audiophil Online<\/a>)<\/li>\n<li>Erleben Sie warum G\u00e4ste in der audiophil online Redaktion selbst mit H\u00f6rger\u00e4ten pl\u00f6tzlich deutlich besser Sprache\u00a0 verstehen konnten als die exclusiven Nano Shield Power Plugs eingestzt wurden\u00a0 und wie die neuesten Power Plugs das Musikh\u00f6ren ver\u00e4ndern. (<a href=\"http:\/\/das.raumtuning.info\/?p=1640\" target=\"_blank\" rel=\"noopener noreferrer\">Testbericht audiophil Online<\/a>)<\/li>\n<li>Erleben Sie wie kleine Ronden aus informiertem Begkristall an Ihren Fenstern Ihr Musikh\u00f6ren revolutionieren k\u00f6nnen.<\/li>\n<li>Erleben Sie wie die VN &#8211; Ger\u00e4tef\u00fc\u00dfe von Vortex HiFi selbst unter einem iPad enorme klangliche \u00c4nderungen hervorrufen k\u00f6nnen. (<a href=\"http:\/\/das.raumtuning.info\/?p=4545\" target=\"_blank\" rel=\"noopener noreferrer\">Testbericht H\u00f6rerlebnis<\/a>).<\/li>\n<li>Erleben Sie unsere exclusive, neue informierte Magnet-Technologie (Iraser) die Ihre alten CD\u00b4s, LP\u00b4s, Kabel, Stecker aber auch Fenstrscheiben so ver\u00e4ndert als w\u00e4hren Sie frisch hergestellt. (<a href=\"http:\/\/das.raumtuning.info\/?p=4484\" target=\"_blank\" rel=\"noopener noreferrer\">Testbericht H\u00f6rerlebnis<\/a>, <a href=\"http:\/\/das.raumtuning.info\/?p=4557\" target=\"_blank\" rel=\"noopener noreferrer\">Testbericht audiophiel online)<\/a><\/li>\n<\/ul>\n<p>&#8230;.. oder h\u00f6ren Sie einfach grandios Musik. Wir freuen uns auf Ihren Besuch.<\/p>\n<p>Ihr Norbert Maurer<\/p>\n<p>&nbsp;<\/p>\n","protected":false,"gt_translate_keys":[{"key":"rendered","format":"html"}]},"excerpt":{"rendered":"<p>Lieber Musikh\u00f6rer, Vortex HiFi ist am 7. und 8. September auf den S\u00fcddeutschen HiFi Tagen bei Thomas Fast zu Gast. In den R\u00e4umen 223 und 225 von fastaudio k\u00f6nnen Sie eine gro\u00dfe Auswahl unserer Raumoptimierungstools h\u00f6ren und sehen. Im Raum 223 finden den ganzen Tag Demonstrationen einzelner Entst\u00f6rungstools statt. Dabei k\u00f6nnen Sie den Unterschied erleben wie ein Raum mit und ohne verschiedener Entst\u00f6rprodukte klingt. Zu h\u00f6ren sind unter anderem: Die Referenz Kabelserie von der Stromversorgung bis zum Lautsprecherkabel. Erleben Sie&#8230;<\/p>\n<p class=\"read-more\"><a class=\"btn btn-default\" href=\"https:\/\/das.raumtuning.info\/?p=4617\">Weiterlesen<span class=\"screen-reader-text\"> Weiterlesen<\/span><\/a><\/p>\n","protected":false,"gt_translate_keys":[{"key":"rendered","format":"html"}]},"author":1,"featured_media":2974,"comment_status":"open","ping_status":"closed","sticky":false,"template":"","format":"standard","meta":{"jetpack_post_was_ever_published":false,"footnotes":"","jetpack_publicize_message":"","jetpack_is_tweetstorm":false,"jetpack_publicize_feature_enabled":true,"jetpack_social_post_already_shared":true,"jetpack_social_options":[]},"categories":[53],"tags":[],"class_list":["post-4617","post","type-post","status-publish","format-standard","has-post-thumbnail","hentry","category-ausstellung"],"jetpack_publicize_connections":[],"aioseo_notices":[],"jetpack_featured_media_url":"https:\/\/i0.wp.com\/das.raumtuning.info\/wp-content\/uploads\/2013\/12\/nm-augen.jpg?fit=1124%2C208&ssl=1","jetpack_sharing_enabled":true,"jetpack_shortlink":"https:\/\/wp.me\/p4hjs0-1ct","jetpack-related-posts":[{"id":3830,"url":"https:\/\/das.raumtuning.info\/?p=3830","url_meta":{"origin":4617,"position":0},"title":"Willkommen auf den S\u00fcddeutschen HiFi Tagen","date":"23. August 2018","format":false,"excerpt":"Vortex HiFi bei fastaudio auf der H\u00f6rtest 2018 am 08. und 09. September 2018 Treffen Sie Norbert Maurer auf der H\u00f6rtest 2018 \u2013 die S\u00fcddeutschen HiFi-Tage in den R\u00e4umen von fastaudio. Ort: Holiday Inn Stuttgart, Mittlerer Pfad 25-27, 70499 Stuttgart Sie finden uns im 4.Stock, in den R\u00e4umen 406 und\u2026","rel":"","context":"In &quot;Workshop&quot;","img":{"alt_text":"","src":"https:\/\/i0.wp.com\/das.raumtuning.info\/wp-content\/uploads\/2018\/08\/Banner-S\u00fcddeutsche-HiFi-Tage.jpg?fit=970%2C250&ssl=1&resize=350%2C200","width":350,"height":200},"classes":[]},{"id":4670,"url":"https:\/\/das.raumtuning.info\/?p=4670","url_meta":{"origin":4617,"position":1},"title":"Vortex HiFi Workshop bei fastaudio Struttgart am 27. und 28. September","date":"14. September 2019","format":false,"excerpt":"Weltpremiere LS 6 Vario Lautsprecherkabel Norbert Maurer das Mastermind von Vortex HiFi ist am 27. und 28. September bei fastaudio, Thomas Fast in seinen HiFi-Studios in der Br\u00e4hlesgasse 21, Stuttgart (Bad Cannstatt) zu Gast.\u00a0 Neben vielen Raumtuningstools zur Entst\u00f6rung gibt es eine Weltpremiere zu sehen, das neue LS 6 Vario\u2026","rel":"","context":"In &quot;Neuheit&quot;","img":{"alt_text":"","src":"https:\/\/i0.wp.com\/das.raumtuning.info\/wp-content\/uploads\/2013\/12\/nm-augen.jpg?fit=1124%2C208&ssl=1&resize=350%2C200","width":350,"height":200},"classes":[]},{"id":3928,"url":"https:\/\/das.raumtuning.info\/?p=3928","url_meta":{"origin":4617,"position":2},"title":"Vortex HiFi Neuheiten life erleben","date":"21. November 2018","format":false,"excerpt":"Letzte Neuheiten-Demo 2018 Samstag den 24. November 2018 und\u00a0Sonntag den 25. November 2018, findet der letzte Neuheiten - Workshop in diesem Jahr statt. Gastgeber ist Horst Insten von\u00a0ONOFF HiFi. Der Veranstaltungsort ist in der\u00a0Brodenbacher Str. 16, 56154 Boppard.\u00a0Aufgrund der begrenzten Teilnehmerzahl wird um Anmeldung gebeten. Diamant-Standard jetzt auch bei Standardentst\u00f6rmitteln\u2026","rel":"","context":"Similar post","img":{"alt_text":"","src":"https:\/\/i0.wp.com\/das.raumtuning.info\/wp-content\/uploads\/2018\/11\/Diamant.jpg?fit=1200%2C760&ssl=1&resize=350%2C200","width":350,"height":200},"classes":[]},{"id":2112,"url":"https:\/\/das.raumtuning.info\/?p=2112","url_meta":{"origin":4617,"position":3},"title":"Termine: Norbert Maurer life","date":"17. Oktober 2015","format":false,"excerpt":"2020 - Aktuelle Termine Aufgrund der Infektionsgefahrt mit dem Coronavirus sind alle Workshops incl. dem Termin Anfang April abgesagt! Ziel der Workshops ist es, die Vortex HiFi Produkte erlebbar zu machen. Die neuen Vortex HiFi Produkte haben aber einen so un-glaublichen Einfluss auf Ihre K\u00f6rperkommunikation, dass wir dies mit Hilfe\u2026","rel":"","context":"In &quot;Produkte&quot;","img":{"alt_text":"","src":"https:\/\/i0.wp.com\/das.raumtuning.info\/wp-content\/uploads\/2015\/10\/norbert-maurer-kopf-2.jpg?fit=850%2C1200&ssl=1&resize=350%2C200","width":350,"height":200},"classes":[]},{"id":4659,"url":"https:\/\/das.raumtuning.info\/?p=4659","url_meta":{"origin":4617,"position":4},"title":"Workshop &#8211; Wochenende bei H\u00f6rt sich gut an in Bielefeld am 20. und 21. September","date":"12. September 2019","format":false,"excerpt":"Workshop mit Norbert Maurer Lieber Musikh\u00f6rer, Norbert Maurer, das Mastermind von Vortex HiFi, h\u00e4lt am 20. und 21. September einen Workshop bei \u201cH\u00f6rt sich Gut an\u201d in Bielefeld. Hier erfahren Sie, warum die Elektroakustik heute im HiFi an ihre Grenzen st\u00f6\u00dft und wie energetisches Zubeh\u00f6r diese Grenzen sprengen kann. Wussten\u2026","rel":"","context":"Similar post","img":{"alt_text":"","src":"https:\/\/i0.wp.com\/das.raumtuning.info\/wp-content\/uploads\/2013\/12\/nm-augen.jpg?fit=1124%2C208&ssl=1&resize=350%2C200","width":350,"height":200},"classes":[]},{"id":4521,"url":"https:\/\/das.raumtuning.info\/?p=4521","url_meta":{"origin":4617,"position":5},"title":"Neuheiten-Workshop in  der HiFi-Lounge Zwickau","date":"21. M\u00e4rz 2019","format":"video","excerpt":"2019 \u2013 Aktuelle Termine im \u00dcberblick ___________________________________________________________________________ Fr. 22. M\u00e4rz 2018, 17:00 \u2013 19:00 Uhr,\u00a0 HiFi-Lounge, 08060\u00a0Zwickau, Marienthaler Str. 143 (Tel.:0375 \/ 5674895) Sa. 23. M\u00e4rz 2018, 10:00 \u2013 15:00 Uhr, HiFi-Lounge, 08060\u00a0Zwickau, Marienthaler Str. 143 (Tel.:0375 \/ 5674895) Inhalt der Workshops 2019: Schall ist \u00fcberall um Sie herum \u2013\u2026","rel":"","context":"Similar post","img":{"alt_text":"","src":"https:\/\/i0.wp.com\/das.raumtuning.info\/wp-content\/uploads\/2013\/12\/nm-augen.jpg?fit=1124%2C208&ssl=1&resize=350%2C200","width":350,"height":200},"classes":[]}],"gt_translate_keys":[{"key":"link","format":"url"}],"_links":{"self":[{"href":"https:\/\/das.raumtuning.info\/index.php?rest_route=\/wp\/v2\/posts\/4617","targetHints":{"allow":["GET"]}}],"collection":[{"href":"https:\/\/das.raumtuning.info\/index.php?rest_route=\/wp\/v2\/posts"}],"about":[{"href":"https:\/\/das.raumtuning.info\/index.php?rest_route=\/wp\/v2\/types\/post"}],"author":[{"embeddable":true,"href":"https:\/\/das.raumtuning.info\/index.php?rest_route=\/wp\/v2\/users\/1"}],"replies":[{"embeddable":true,"href":"https:\/\/das.raumtuning.info\/index.php?rest_route=%2Fwp%2Fv2%2Fcomments&post=4617"}],"version-history":[{"count":8,"href":"https:\/\/das.raumtuning.info\/index.php?rest_route=\/wp\/v2\/posts\/4617\/revisions"}],"predecessor-version":[{"id":6087,"href":"https:\/\/das.raumtuning.info\/index.php?rest_route=\/wp\/v2\/posts\/4617\/revisions\/6087"}],"wp:featuredmedia":[{"embeddable":true,"href":"https:\/\/das.raumtuning.info\/index.php?rest_route=\/wp\/v2\/media\/2974"}],"wp:attachment":[{"href":"https:\/\/das.raumtuning.info\/index.php?rest_route=%2Fwp%2Fv2%2Fmedia&parent=4617"}],"wp:term":[{"taxonomy":"category","embeddable":true,"href":"https:\/\/das.raumtuning.info\/index.php?rest_route=%2Fwp%2Fv2%2Fcategories&post=4617"},{"taxonomy":"post_tag","embeddable":true,"href":"https:\/\/das.raumtuning.info\/index.php?rest_route=%2Fwp%2Fv2%2Ftags&post=4617"}],"curies":[{"name":"wp","href":"https:\/\/api.w.org\/{rel}","templated":true}]}}