{"id":4632,"date":"2019-09-10T15:21:23","date_gmt":"2019-09-10T13:21:23","guid":{"rendered":"http:\/\/das.raumtuning.info\/?p=4632"},"modified":"2019-09-11T14:31:28","modified_gmt":"2019-09-11T12:31:28","slug":"vortex-hifi-diamant-entstoerprodukte-im-hoererlebnis-test","status":"publish","type":"post","link":"https:\/\/das.raumtuning.info\/?p=4632","title":{"rendered":"Vortex HiFi Diamant Entst\u00f6rprodukte im H\u00f6rerlebnis Test","gt_translate_keys":[{"key":"rendered","format":"text"}]},"content":{"rendered":"<h4>Marco Kolks vom werbefreien HiFi Magazin H\u00f6rerlebnis testete die neuen Vortex HiFi Entst\u00f6r-Tools in Diamant-Standard. Das Ergebnis war pure Begeisterung.<\/h4>\n<p>Hier ein paar Zitate.<\/p>\n<blockquote><p><em>&#8230;Wer eine Kombination von gutem Equipment in Verbindung mit einer optimierten Ausstattung der Vortex Hifi-Diamantgeneration einmal h\u00f6rt, wird sich dem Reiz, der<\/em><em>davon ausgeht, nur schwer entziehen k\u00f6nnen. Kraft, Volumen, Farbigkeit und Nuancierungen sind bis hinunter in den Bass schlechthin stupende\u2026<\/em><\/p>\n<p><em>&#8230;Feine Obert\u00f6ne, Atmung, Raum, An- und Abschwingen umweben dabei noch wie abgestimmte Farbtupfer die Farbe und Gestalt des Grundtons. Die einzelnen Instrumente erscheinen dadurch u\u0308beraus glaubwu\u0308rdig, fast zu sch\u00f6n schon, um wahr zu sein\u2026<\/em><\/p>\n<p><em>\u2026Beim langfristigen, musikorientierten H\u00f6ren mit der Vortex Hifi-Diamantgeneration empfindet man die Wiedergabe als richtig, so und anders sollte es nicht sein\u2026<\/em><\/p>\n<p><em>\u2026 Ist es nicht das, wonach der Audiophile sucht?<\/em><\/p><\/blockquote>\n<p>&nbsp;<\/p>\n<p>Der ganzen Test k\u00f6nnen Sie hier nachlesen:<\/p>\n<p><em><iframe src=\"\/\/docs.google.com\/viewer?url=http%3A%2F%2Fdas.raumtuning.info%2Fwp-content%2Fuploads%2F2019%2F09%2FH%C3%B6rerlebnis-Vortex-Diamant-Generation.pdf&hl=de&embedded=true\" class=\"gde-frame\" style=\"width:100%; height:500px; border: none;\" scrolling=\"no\"><\/iframe>\n<p class=\"gde-text\"><a href=\"http:\/\/das.raumtuning.info\/wp-content\/uploads\/2019\/09\/H\u00f6rerlebnis-Vortex-Diamant-Generation.pdf\" class=\"gde-link\">Download (PDF, 322KB)<\/a><\/p><\/em><\/p>\n<p>&nbsp;<\/p>\n","protected":false,"gt_translate_keys":[{"key":"rendered","format":"html"}]},"excerpt":{"rendered":"<p>Marco Kolks vom werbefreien HiFi Magazin H\u00f6rerlebnis testete die neuen Vortex HiFi Entst\u00f6r-Tools in Diamant-Standard. Das Ergebnis war pure Begeisterung. Hier ein paar Zitate. &#8230;Wer eine Kombination von gutem Equipment in Verbindung mit einer optimierten Ausstattung der Vortex Hifi-Diamantgeneration einmal h\u00f6rt, wird sich dem Reiz, derdavon ausgeht, nur schwer entziehen k\u00f6nnen. Kraft, Volumen, Farbigkeit und Nuancierungen sind bis hinunter in den Bass schlechthin stupende\u2026 &#8230;Feine Obert\u00f6ne, Atmung, Raum, An- und Abschwingen umweben dabei noch wie abgestimmte Farbtupfer die Farbe und&#8230;<\/p>\n<p class=\"read-more\"><a class=\"btn btn-default\" href=\"https:\/\/das.raumtuning.info\/?p=4632\">Weiterlesen<span class=\"screen-reader-text\"> Weiterlesen<\/span><\/a><\/p>\n","protected":false,"gt_translate_keys":[{"key":"rendered","format":"html"}]},"author":1,"featured_media":4652,"comment_status":"open","ping_status":"closed","sticky":false,"template":"","format":"standard","meta":{"jetpack_post_was_ever_published":false,"footnotes":"","jetpack_publicize_message":"","jetpack_is_tweetstorm":false,"jetpack_publicize_feature_enabled":true,"jetpack_social_post_already_shared":true,"jetpack_social_options":[]},"categories":[1],"tags":[],"class_list":["post-4632","post","type-post","status-publish","format-standard","has-post-thumbnail","hentry","category-uncategorized"],"jetpack_publicize_connections":[],"aioseo_notices":[],"jetpack_featured_media_url":"https:\/\/i0.wp.com\/das.raumtuning.info\/wp-content\/uploads\/2019\/09\/H\u00f6rerlebnis-Vortex-Diamant-Bild-3.jpg?fit=1443%2C826&ssl=1","jetpack_sharing_enabled":true,"jetpack_shortlink":"https:\/\/wp.me\/p4hjs0-1cI","jetpack-related-posts":[{"id":4521,"url":"https:\/\/das.raumtuning.info\/?p=4521","url_meta":{"origin":4632,"position":0},"title":"Neuheiten-Workshop in  der HiFi-Lounge Zwickau","date":"21. M\u00e4rz 2019","format":"video","excerpt":"2019 \u2013 Aktuelle Termine im \u00dcberblick ___________________________________________________________________________ Fr. 22. M\u00e4rz 2018, 17:00 \u2013 19:00 Uhr,\u00a0 HiFi-Lounge, 08060\u00a0Zwickau, Marienthaler Str. 143 (Tel.:0375 \/ 5674895) Sa. 23. M\u00e4rz 2018, 10:00 \u2013 15:00 Uhr, HiFi-Lounge, 08060\u00a0Zwickau, Marienthaler Str. 143 (Tel.:0375 \/ 5674895) Inhalt der Workshops 2019: Schall ist \u00fcberall um Sie herum \u2013\u2026","rel":"","context":"Similar post","img":{"alt_text":"","src":"https:\/\/i0.wp.com\/das.raumtuning.info\/wp-content\/uploads\/2013\/12\/nm-augen.jpg?fit=1124%2C208&ssl=1&resize=350%2C200","width":350,"height":200},"classes":[]},{"id":4670,"url":"https:\/\/das.raumtuning.info\/?p=4670","url_meta":{"origin":4632,"position":1},"title":"Vortex HiFi Workshop bei fastaudio Struttgart am 27. und 28. September","date":"14. September 2019","format":false,"excerpt":"Weltpremiere LS 6 Vario Lautsprecherkabel Norbert Maurer das Mastermind von Vortex HiFi ist am 27. und 28. September bei fastaudio, Thomas Fast in seinen HiFi-Studios in der Br\u00e4hlesgasse 21, Stuttgart (Bad Cannstatt) zu Gast.\u00a0 Neben vielen Raumtuningstools zur Entst\u00f6rung gibt es eine Weltpremiere zu sehen, das neue LS 6 Vario\u2026","rel":"","context":"In &quot;Neuheit&quot;","img":{"alt_text":"","src":"https:\/\/i0.wp.com\/das.raumtuning.info\/wp-content\/uploads\/2013\/12\/nm-augen.jpg?fit=1124%2C208&ssl=1&resize=350%2C200","width":350,"height":200},"classes":[]},{"id":3830,"url":"https:\/\/das.raumtuning.info\/?p=3830","url_meta":{"origin":4632,"position":2},"title":"Willkommen auf den S\u00fcddeutschen HiFi Tagen","date":"23. August 2018","format":false,"excerpt":"Vortex HiFi bei fastaudio auf der H\u00f6rtest 2018 am 08. und 09. September 2018 Treffen Sie Norbert Maurer auf der H\u00f6rtest 2018 \u2013 die S\u00fcddeutschen HiFi-Tage in den R\u00e4umen von fastaudio. Ort: Holiday Inn Stuttgart, Mittlerer Pfad 25-27, 70499 Stuttgart Sie finden uns im 4.Stock, in den R\u00e4umen 406 und\u2026","rel":"","context":"In &quot;Workshop&quot;","img":{"alt_text":"","src":"https:\/\/i0.wp.com\/das.raumtuning.info\/wp-content\/uploads\/2018\/08\/Banner-S\u00fcddeutsche-HiFi-Tage.jpg?fit=970%2C250&ssl=1&resize=350%2C200","width":350,"height":200},"classes":[]},{"id":3928,"url":"https:\/\/das.raumtuning.info\/?p=3928","url_meta":{"origin":4632,"position":3},"title":"Vortex HiFi Neuheiten life erleben","date":"21. November 2018","format":false,"excerpt":"Letzte Neuheiten-Demo 2018 Samstag den 24. November 2018 und\u00a0Sonntag den 25. November 2018, findet der letzte Neuheiten - Workshop in diesem Jahr statt. Gastgeber ist Horst Insten von\u00a0ONOFF HiFi. Der Veranstaltungsort ist in der\u00a0Brodenbacher Str. 16, 56154 Boppard.\u00a0Aufgrund der begrenzten Teilnehmerzahl wird um Anmeldung gebeten. Diamant-Standard jetzt auch bei Standardentst\u00f6rmitteln\u2026","rel":"","context":"Similar post","img":{"alt_text":"","src":"https:\/\/i0.wp.com\/das.raumtuning.info\/wp-content\/uploads\/2018\/11\/Diamant.jpg?fit=1200%2C760&ssl=1&resize=350%2C200","width":350,"height":200},"classes":[]},{"id":5321,"url":"https:\/\/das.raumtuning.info\/?p=5321","url_meta":{"origin":4632,"position":4},"title":"3 Jahre Vortex HiFi &#8211; Erfahrungsbericht im hifitoday","date":"1. April 2021","format":false,"excerpt":"Neu entdecktes Klangpotential Der Journalist Frank Wacker beschreibt seine pers\u00f6nliche Reise in die Vortex HiFi Welt und wie er dabei ein v\u00f6llig neues Klangpotential f\u00fcr sich erschlossen hat. Dabei beschreibt er wie sich die Vortex HiFi Schritte von den bisherigen in seiner 25j\u00e4hrigen HiFi-Karriere unterscheiden. Dabei kommt er zum Fazit:\u2026","rel":"","context":"Similar post","img":{"alt_text":"","src":"https:\/\/i0.wp.com\/das.raumtuning.info\/wp-content\/uploads\/2021\/04\/VORTEX_Fuesse_DSC00104_840x559.jpg?fit=840%2C559&ssl=1&resize=350%2C200","width":350,"height":200},"classes":[]},{"id":1439,"url":"https:\/\/das.raumtuning.info\/?p=1439","url_meta":{"origin":4632,"position":5},"title":"Testbericht H\u00f6rerlebnis","date":"17. September 2014","format":"image","excerpt":"Das werbefreie Musik und HiFi-Fachmagazin H\u00f6rerlebnis hat Vortex HiFi Zubeh\u00f6r getestet Der Fachjournalist Robert Schmitz Niehaus vom H\u00f6rerlebnis kommt zu Fazit: Was Norbert Maurer mit der j\u00fcngsten Vortex Hifi-Technik anbietet, ist in seiner Wirkung in Relation zu anderen Produkten hoch anzusiedeln. Die Musik klingt dynamischer, R\u00e4umlichkeit und Detailwiedergabe legen zu.\u2026","rel":"","context":"In &quot;L\u00f6sungen&quot;","img":{"alt_text":"","src":"https:\/\/i0.wp.com\/das.raumtuning.info\/wp-content\/uploads\/2014\/09\/Vortex-HiFi-Energetisches-Zubeh\u00f6r2.jpg?fit=645%2C391&ssl=1&resize=350%2C200","width":350,"height":200},"classes":[]}],"gt_translate_keys":[{"key":"link","format":"url"}],"_links":{"self":[{"href":"https:\/\/das.raumtuning.info\/index.php?rest_route=\/wp\/v2\/posts\/4632","targetHints":{"allow":["GET"]}}],"collection":[{"href":"https:\/\/das.raumtuning.info\/index.php?rest_route=\/wp\/v2\/posts"}],"about":[{"href":"https:\/\/das.raumtuning.info\/index.php?rest_route=\/wp\/v2\/types\/post"}],"author":[{"embeddable":true,"href":"https:\/\/das.raumtuning.info\/index.php?rest_route=\/wp\/v2\/users\/1"}],"replies":[{"embeddable":true,"href":"https:\/\/das.raumtuning.info\/index.php?rest_route=%2Fwp%2Fv2%2Fcomments&post=4632"}],"version-history":[{"count":3,"href":"https:\/\/das.raumtuning.info\/index.php?rest_route=\/wp\/v2\/posts\/4632\/revisions"}],"predecessor-version":[{"id":4640,"href":"https:\/\/das.raumtuning.info\/index.php?rest_route=\/wp\/v2\/posts\/4632\/revisions\/4640"}],"wp:featuredmedia":[{"embeddable":true,"href":"https:\/\/das.raumtuning.info\/index.php?rest_route=\/wp\/v2\/media\/4652"}],"wp:attachment":[{"href":"https:\/\/das.raumtuning.info\/index.php?rest_route=%2Fwp%2Fv2%2Fmedia&parent=4632"}],"wp:term":[{"taxonomy":"category","embeddable":true,"href":"https:\/\/das.raumtuning.info\/index.php?rest_route=%2Fwp%2Fv2%2Fcategories&post=4632"},{"taxonomy":"post_tag","embeddable":true,"href":"https:\/\/das.raumtuning.info\/index.php?rest_route=%2Fwp%2Fv2%2Ftags&post=4632"}],"curies":[{"name":"wp","href":"https:\/\/api.w.org\/{rel}","templated":true}]}}