{"id":4642,"date":"2019-09-11T13:12:51","date_gmt":"2019-09-11T11:12:51","guid":{"rendered":"http:\/\/das.raumtuning.info\/?p=4642"},"modified":"2019-09-11T14:30:48","modified_gmt":"2019-09-11T12:30:48","slug":"das-hoererlebnis-interview-zum-vortex-hifi-diamant-standart","status":"publish","type":"post","link":"https:\/\/das.raumtuning.info\/?p=4642","title":{"rendered":"Das H\u00f6rerlebnis Interview zum Vortex HiFi Diamant-Standard","gt_translate_keys":[{"key":"rendered","format":"text"}]},"content":{"rendered":"<figure id=\"attachment_2973\" aria-describedby=\"caption-attachment-2973\" style=\"width: 140px\" class=\"wp-caption aligncenter\"><img decoding=\"async\" data-attachment-id=\"2973\" data-permalink=\"https:\/\/das.raumtuning.info\/?attachment_id=2973\" data-orig-file=\"https:\/\/i0.wp.com\/das.raumtuning.info\/wp-content\/uploads\/2013\/12\/norbert-maurer-kopf-2-sw-1.jpg?fit=1125%2C1588&amp;ssl=1\" data-orig-size=\"1125,1588\" data-comments-opened=\"1\" data-image-meta=\"{&quot;aperture&quot;:&quot;2.8&quot;,&quot;credit&quot;:&quot;&quot;,&quot;camera&quot;:&quot;Canon EOS-1D Mark II&quot;,&quot;caption&quot;:&quot;&quot;,&quot;created_timestamp&quot;:&quot;1095155999&quot;,&quot;copyright&quot;:&quot;&quot;,&quot;focal_length&quot;:&quot;150&quot;,&quot;iso&quot;:&quot;800&quot;,&quot;shutter_speed&quot;:&quot;0.000625&quot;,&quot;title&quot;:&quot;&quot;,&quot;orientation&quot;:&quot;1&quot;}\" data-image-title=\"norbert maurer kopf 2 sw\" data-image-description=\"\" data-image-caption=\"\" data-medium-file=\"https:\/\/i0.wp.com\/das.raumtuning.info\/wp-content\/uploads\/2013\/12\/norbert-maurer-kopf-2-sw-1.jpg?fit=213%2C300&amp;ssl=1\" data-large-file=\"https:\/\/i0.wp.com\/das.raumtuning.info\/wp-content\/uploads\/2013\/12\/norbert-maurer-kopf-2-sw-1.jpg?fit=640%2C904&amp;ssl=1\" class=\"wp-image-2973\" src=\"https:\/\/i0.wp.com\/das.raumtuning.info\/wp-content\/uploads\/2013\/12\/norbert-maurer-kopf-2-sw-1.jpg?resize=140%2C197\" alt=\"\" width=\"140\" height=\"197\" srcset=\"https:\/\/i0.wp.com\/das.raumtuning.info\/wp-content\/uploads\/2013\/12\/norbert-maurer-kopf-2-sw-1.jpg?resize=213%2C300&amp;ssl=1 213w, https:\/\/i0.wp.com\/das.raumtuning.info\/wp-content\/uploads\/2013\/12\/norbert-maurer-kopf-2-sw-1.jpg?resize=106%2C150&amp;ssl=1 106w, https:\/\/i0.wp.com\/das.raumtuning.info\/wp-content\/uploads\/2013\/12\/norbert-maurer-kopf-2-sw-1.jpg?resize=725%2C1024&amp;ssl=1 725w, https:\/\/i0.wp.com\/das.raumtuning.info\/wp-content\/uploads\/2013\/12\/norbert-maurer-kopf-2-sw-1.jpg?w=1125&amp;ssl=1 1125w\" sizes=\"(max-width: 140px) 100vw, 140px\" data-recalc-dims=\"1\" \/><figcaption id=\"caption-attachment-2973\" class=\"wp-caption-text\">Norbert Maurer, Entwickler der Vortex HiFi &#8211; Produkte und Firmenchef<\/figcaption><\/figure>\n<h1>Wir haben da noch eine Frage?<\/h1>\n<p>Unter der \u00dcberschrift: Wir haben da noch eine Frage &#8211; f\u00fchrte das Magazin f\u00fcr High Fidelity\u00a0 H\u00f6rerlebnis ein Interview mit Norbert Maurer \u00fcber die neuen Vortex HiFi Entst\u00f6rmittel im Diamant-Standard durch. Hier k\u00f6nnen Sie das gesammte Interview nachlesen. Viel Spa\u00df.<\/p>\n<p><strong>Wir haben da noch eine Frage?<\/strong><\/p>\n<p><strong>\u00a0<\/strong><strong>HE: <\/strong>In unseren vergangenen Tests \u00fcber Vortex HiFi-Kabel, Ground Optimizer oder die Power Optimizer-Netzfilter konnten wir deutliche Unterschiede h\u00f6ren. Diese klanglichen Differenzen erkl\u00e4rten Sie mit Einfl\u00fcssen von elektrischen und magnetischen Feldern auf unser Nervensystem. Sie f\u00fchrten dabei umweltmedizinische und baubiologische Argumente an, die die Einfl\u00fcsse erkl\u00e4ren sollten. Der Einfluss von diesen Feldern auf den Menschen wird in der Forschung auch seit Jahren best\u00e4tigt. In unserem Test Ihrer Diamant-Standard-Entst\u00f6rungsprodukte haben wir ebenfalls erhebliche Unterschiede gegen\u00fcber Ihren bisherigen Produkten geh\u00f6rt, die nach Ihren eigenen Angaben keine Feld\u00e4nderungen gegen\u00fcber den bisherigen Produkten erzeugen. Die bisher von Ihnen angef\u00fchrten baubiologischen und umweltmedizinischen Prinzipien k\u00f6nnen also nicht verantwortlich f\u00fcr die klanglichen \u00c4nderungen sein. Was macht nun den Unterschied Ihrer bisherigen Entst\u00f6rprodukte gegen\u00fcber Ihrem neuen Spitzenstandard aus?<\/p>\n<p><strong>NM: <\/strong>In der Tat m\u00fcssen wir die verschiedenen Ebenen unserer Arbeit sauber auseinanderhalten, da wir auf unterschiedlichen Ebenen auf den Menschen und so auf die Musikempfindung positiv einwirken.<\/p>\n<p><strong>HE: <\/strong>Was meinen Sie mit den verschiedenen Ebenen, die auf die Musikempfindung einwirken?<\/p>\n<p><strong>NM: <\/strong>Vortex HiFi-Produkte haben einen ganzheitlichen Ansatz. Grunds\u00e4tzlich liegt der klangliche Gewinn durch unsere Produkte darin, dass die Verarbeitung des Schalls im Menschen zu einer Empfindung und dann zu einem Gef\u00fchl f\u00fchrt, das sich am besten mit ungest\u00f6rter und nat\u00fcrlicher beschreiben l\u00e4sst. Es geht beim Musikh\u00f6ren um Gef\u00fchle, um Emotionen. Die Musik muss uns ber\u00fchren, sonst h\u00f6re ich keine Musik. Wie aber entstehen aus Schallwellen Gef\u00fchle? Es beginnt auf der Ebene, die Dr. Dietrich Klinghardt die physische Ebene nennt, mit einer Bewegung der Basilarmembran im Verbindung mit der Tektorialmembran, die einen Druck \u00fcber eine Scherbewegung auf die Haarzellen im Innenohr aus\u00fcbt und die so elektrische Impulse auf den Weg ins Gehirn aussenden. Das ist dann die zweite Ebene. Dies f\u00fchrt zu einer Wahrnehmung (Gedanken) und zu einer Interpretation, das ist die dritte Ebene. Von hier geht die Reizantwort \u00fcber die limbisch- hypothalamische Achse zum autonomen Nervensystem, wo in der Peripherie (in den Blutgef\u00e4\u00dfen) die Neurotransmitter ausgeschieden werden, die dann auf dem Blutweg das Gehirn und alle anderen K\u00f6rpergewebe erreichen und erregen. Dadurch erst entsteht das Gef\u00fchl.<\/p>\n<p><strong>HE: <\/strong>Wie beeinflussen Ihre Produkte nun diese Ebenen?<\/p>\n<p><strong>NM: <\/strong>Jede Ebene der Verarbeitung der Schallsignale bis zum Gef\u00fchl hat ein physikalisch unterschiedliches Kommunikationssystem. Wenn in diesen Kommunikationssystemen St\u00f6rungen auftreten, empfinden wir Musik als nicht so nat\u00fcrlich. Also m\u00fcssen wir auf den jeweiligen Ebenen Korrekturen vornehmen. Der Schall, also der mechanische Stimulus, ver\u00e4ndert chemisch ein Aktionspotential. Das ist das langsamste Kommunikationskonzept des Menschen. Schneller ist die feldbasierte Reizweiterleitung der Nervenzellen \u00fcber longitudinale Stehwellen. Das schnellste Konzept ist das der lichtbasierten Kommunikation der Biophotonen, wie sie Professor Dr. Fritz-Albert Popp beschreibt. Jede einzelne dieser Ebenen ist elementar f\u00fcr das, was wir empfinden und f\u00fchlen. F\u00fcr die jeweiligen Verarbeitungskonzepte haben wir nun spezifische Techniken.<\/p>\n<p><strong>HE: <\/strong>Das Ihre baubiologischen, feldbasierenden Technologien die Nervenimpulse beeinflussen k\u00f6nnen, ist nachvollziehbar. Aber was machen die Informationen und wie informiert man einen Halbedelstein wie einen Obsidian?<\/p>\n<p><strong>NM: <\/strong>Den zweiten Teil der Frage, wie wir informieren, m\u00f6chte ich hier nicht erl\u00e4utern, weil wir hier eine eigene Technologie entwickelt haben, die mit den \u00fcblichen Techniken in der Quantenmedizin oder der Hom\u00f6opathie nichts zu tun haben.<\/p>\n<p><strong>HE: <\/strong>Warum haben Sie \u00fcberhaupt eigene Technologien entwickelt?<\/p>\n<p><strong>NM: <\/strong>Die mir aus der Medizin, also der Quantenmedizin und der hom\u00f6opathischen Medizin bekannten Verfahren sind meiner Meinung nicht stabil genug, also unter den praktischen Gegebenheiten des Alltags im HiFi-Bereich nicht langlebig genug. Daher kamen sie f\u00fcr mich nicht in Frage. Nehmen Sie ein versch\u00fctteltes, hom\u00f6opathisches Pr\u00e4parat und setzten es einer WLAN-Antenne oder einer anderen HF-Strahlung aus. Dann wird die Information besch\u00e4digt und das Pr\u00e4parat wirkt schlechter oder \u00fcberhaupt nicht mehr. Fragen Sie Therapeuten, die werden Ihnen dies best\u00e4tigen. In der Quantenmedizin verwendet man Teslaspulen, um \u00fcber die Befeldung des Pr\u00e4parats die Informationen einzuschwingen. Therapeuten geben Ihnen so erzeugte Pr\u00e4parate in Alufolie umh\u00fcllt mit, damit diese die heutige Umwelt (HF-Strahlung usw.) \u00fcberhaupt \u00fcberstehen. Wir wollen ja gerade Handys, Tablets oder WLAN-Antennen sowie Magnete entst\u00f6ren. W\u00fcrden wir die Verfahren der Medizin verwenden, w\u00fcrden unsere Produkte binnen k\u00fcrzester Zeit wirkungsarm bis wirkungslos. Daher sind wir hier eigene Wege gegangen. Nehmen Sie doch die mittlerweile bis zu10 Jahre alten 2D-Chips von einer WLAN- Antenne oder einem DECT-Telefon und Sie werden sehen, dass diese nach wie vor einwandfrei funktionieren. Das sind meine Anforderungen &#8211; selbst an unsere einfachsten Produkte.<\/p>\n<p>Die zweite, mindestens genauso wichtige Schl\u00fcsseltechnologie f\u00fcr eine besonders intensive Wirkung unserer Produkte ist unsere Aktivierung. In der Medizin, zum Beispiel in der Hom\u00f6opathie, nimmt man das Pr\u00e4parat ein. Es befindet sich im K\u00f6rper und kann dort wirken. Wenn ich aber zum Beispiel bei einem Lautsprecher das Magnetfeld entst\u00f6ren will oder an die Weiche kommen will, ohne diesen zu \u00f6ffnen, versagen die in der Medizin verwendeten Techniken. Ich kann das Entst\u00f6r- Produkt nicht dort platzieren, wo ich mit der Information hin muss. In der Quantenmedizin (z.B.: Advanced Medical Systems, Bioresonanzverfahren) wird auch ein Magnetfeld als Tr\u00e4ger angewendet. Aber auch das ist im HiFi undenkbar, da wir mit St\u00f6rungen des Signals rechnen m\u00fcssen. Wir haben f\u00fcr eine hohe Effizienz unserer Produkte ein Tr\u00e4gerfeld ben\u00f6tigt, das Signale nicht beeinflusst, die Informationen jedoch weit in die Ger\u00e4te hineintr\u00e4gt, eben weite Bereiche bestreicht. Das kann unser Aktivfeld. Es ist sehr gerichtet und entwickelt sich bipolar aus einem Objekt. Das Aktivfeld liegt bei Vortex HiFi in unserer 2. Generation vor, das bedeutet, es tritt im Vergleich zur 1. Generation jetzt aus zwei Seiten aus und ist im Vergleich zur 1. Generation ca.100mal wirkungsvoller. Unsere Ideen und Konzepte kommen zwar zum gr\u00f6\u00dften Teil aus der Baubiologie und der Medizin, sind aber speziell an die Gegebenheiten der HiFi-Technologien und an das Musikh\u00f6ren angepasst. Wir verkaufen ja keine medizini- schen Produkte, sondern mehr Spa\u00df am Muikh\u00f6ren.<\/p>\n<p><strong>HE: <\/strong>Was machen denn nun die Informationen?<\/p>\n<p><strong>NM: <\/strong>Um dies zu erkl\u00e4ren, m\u00f6chte ich ein Modell der f\u00fcnf Ebenen des Seins von Klinghardt skizieren. Das k\u00f6nnen Sie im Detail im Buch von Dr. Dietrich Klinghardt (Handbuch der Mentalfeld-Techniken: Bilder, Klopfakupressur und heilende S\u00e4tze in der Praxis (German Edition)) nachlesen. Klinghardt hat sehr erfolgreich eine der gr\u00f6\u00dften Schmerzkliniken in den USA geleitet und viele praktische Erfolge erzielt. Er entwickelte alternative Techniken, die er als Metalfeld- Techniken (MFT) zusammenfasst. Ich hatte die Gelegenheit, mit einem Therapeuten nach Klinghardt meine Technologien an einer Multiple Sklerose-Kranken anzuwenden und Erfahrungen, insbesondere mit der Wirkung von Informationen auf ihr Befinden, zu machen. Nervenkranke sind wie ein Mikroskop und reagieren viel intensiver auf Infor- mationen und Energien, wenn diese auf Ihren K\u00f6rper wirken.<\/p>\n<p>Das Klinghardt-Modell geht wie die neuesten Erkenntnisse der Quanten-Physik und Mathematik davon aus, dass wir in verschie- denen Dimensionen gleichzeitig existieren. So ist es auch in der Quantenfeld-Theorie von Burkhard Heim, der 12 Dimensionen definiert und feststellt, dass es zwingend Informationsdimensionen gibt, die die anderen Dimensionen beeinflussen. Im Klinghardt-Modell, das sich auf den menschlichen K\u00f6rper bezieht, gibt es den physischen K\u00f6rper. Gemeint ist damit die stoffliche Grundlage. Das ist die erste Ebene.<\/p>\n<p>Die zweite Ebene ist das Energiefeld. Hier wirken Kr\u00e4fte, die physikalisch gesehen, grunds\u00e4tzlich die F\u00e4higkeit haben, Arbeit zu leisten: wie die Gravitation, die elektromagnetische Kraft sowie die starke Wechselwirkung und die schwache Wechselwirkung. Diese Energieebene durchdringt die physische Ebene, geht aber \u00fcber diese hinaus und ist auch au\u00dferhalb der physischen K\u00f6rper zu messen. Auf dieser Ebene empfinden wir Beeinflussungen von Elektrosmog von au\u00dfen auf unseren physischen K\u00f6rper, wie es die Umweltmedizin und die Baubiologie beschreiben. Hier haben wir aber auch Beeinflussungen durch den Menschen auf die Umwelt wie zum Beispiel durch andere Menschen. Sichtbar wird dies durch die Kirlianfotografie. Oder einfach, wenn man ein AM-Radio in die N\u00e4he eines Menschen bringt und das Rauschen zunimmt. Auch Klinghardt sieht hier die Beseitigung von Elektrosmog als wichtige therapeutische Ma\u00dfnahme und empfiehlt Stromfilter, die ein \u00e4hnliches Spektrum filtern, wie es auch unsere Filter tun.<\/p>\n<p>Die dritte Ebene ist das, was Klinghardt das\u00a0 Mentalfeld\u00a0 nennt.\u00a0 Klinghardt\u00a0 sagt dazu:<\/p>\n<p><em>\u201eDer Mentalk\u00f6rper oder das Mentalfeld sind unser Informationstr\u00e4ger. Sie erm\u00f6glichen es uns, Erinnerungen abzurufen, neue Sinnes- eindr\u00fccke zu verarbeiten und zu speichern, Wahrnehmungen zu interpretieren. Es ist die Ebene des Egos. Unsere Gedanken sind die \u201eBits\u201c unseres Verstandes. Der Mentalk\u00f6rper entsteht durch die r\u00e4umliche Struktur und die physikalischen Eigenschaften des Biopho- tonenfeldes.\u201c (Klinghardt, Dietrich, Handbuch der Mentalfeld-Techniken: Bilder, Klopfakupressur und heilende S\u00e4tze in der Praxis.)<\/em><\/p>\n<p>In seiner Behandlungsmatrix f\u00fcr diese dritte Ebene gibt er unter anderem die Hom\u00f6opathie (Informationen) an, da hier Informationen auf die erste und zweite Ebene wirken. Das ist die Ebene unserer Entst\u00f6rprodukte, die auf die Musikempfindung, auf das Gef\u00fchl wirken, wenn wir Musik h\u00f6ren. Es ist nach Klinghardt aber auch der Ort, wo Erinnerungen gespeichert und neue Sinneseindr\u00fccke verarbeitet und gespeichert werden. Das ist jetzt elementar. Wie jeder wei\u00df, der meine Vorstellungen \u00fcber den H\u00f6rprozess kennt, dass wir nicht das h\u00f6ren, was akustisch da ist (das w\u00e4re ein katastrophaler Klang), sondern ein extrem korrigiertes Erleben haben, das sich aus Vorstellungen und Erinnerungen speist. Daher bin ich davon \u00fcberzeugt, dass sich das Musikempfinden auch durch die dritte Ebene massiv ver\u00e4ndern l\u00e4sst. Dazu geh\u00f6rt ebenfalls, dass sich die Instrumente f\u00fcr den H\u00f6rer sehr viel richtiger und konkreter anf\u00fchlen. Durch Informationen lassen sich so das musikalische Erleben in jeder Dimension extrem beeinflussen. Die letzten beiden Ebenen, das intuitive Feld (oder Ebene) und die Ebene des Geistes m\u00f6chte ich hier der Vollst\u00e4ndigkeit halber noch erw\u00e4hnen, auf der arbeiten aber unsere Produkte nicht.<\/p>\n<p><strong>HE: <\/strong>Wie sind Sie auf das Klinghardt- Modell gekommen?<\/p>\n<p><strong>NM: <\/strong>Wie schon erw\u00e4hnt hatte ich unglaubliche Erlebnisse mit einem Klinghardt- Therapeuten bei einer Multiple Sklerose- Patientin. Ich konnte Reaktionen bei ihr feststellen, die auch beim Musikh\u00f6ren in anderer Form auftreten. So kam diese Patientin mit unterschiedlicher Information unterschiedlich zurecht. Ich hatte 30mm-Obsidianronden mit drei unterschiedlichen Informationen bearbeitet und damit im Beisein des Therapeuten und nat\u00fcrlich mit Aufkl\u00e4rung und Zustimmung der Patientin experimentiert. Auff\u00e4llig waren die heftigen Erstverschlechterungen. Die Patientin konnte anfangs bei allen Varianten nicht mehr selbst\u00e4ndig stehen. Multiple Skerose- Kranke haben ein gro\u00dfes Problem, ein Gef\u00fchl f\u00fcr den Untergrund zu entwickeln. Sofern diese noch gehen k\u00f6nnen, ist der Gang wackelig. Nach der Erstverschlechterung verbesserte sich nicht nur ihr Gang sichtbar, sie gab auch spontan an, dass sie deutlich besser sehen konnte als zuvor. Auch das ist ein Ph\u00e4nomen: Multiple Sklerose-Patienten haben einen Art Tunnelblick und sehen verschwommener. Sie sprach hier von einer glat- ten \u201e1\u201c in einem Schulnotensystem. Auch als sie in der Erstverschlechterung Herzrasen bekam, konnte ich in zwei Metern Entfernung ein \u00e4hnliches Ph\u00e4nomen sp\u00fcren und zwar so stark, dass ich ihr ohne, dass Sie dies erw\u00e4hnte, auf den Kopf zusagte, dass ich Herzrasen hatte, seitdem sie die Ronde in der Hand hielt. Das Ph\u00e4nomen entspricht dem beim Musikh\u00f6ren, dass sobald man einem Dritten einen informierten Obsidian in die Tasche steckt oder unter seinem Stuhl befestigt, auch alle anderen im Raum beeinflusst werden k\u00f6nnen und in der Folge einen anderen Klang h\u00f6ren. Das Energie- und das Mentalfeld der Personen im Raum beeinflussen sich nach dem Klinghardt-Model. Klinghardt gibt ausdr\u00fccklich an, dass bei St\u00f6rungen im Mentalfeld diese nicht ihre Ursache im eigenen selbst haben m\u00fcssen, sondern in einer anderen Person liegen k\u00f6nnen. Auch kinesiologische Untersuchungen zeigten den enormen Einfluss von Informationen auf die Patientin. Die Kinesiologie ist seitdem eine feste Gr\u00f6\u00dfe zur \u00dcberpr\u00fcfung der Produkte in meiner Entwicklung. Eine interessante Einf\u00fchrung ist das \u201ePraxisbuch analytische Kinesiologie: Die Ursachen erforschen &#8211; die Behandlung optimieren &#8211; mit dem Muskeltest von Dr. med. Christa Keding.<\/p>\n<p><strong>HE:\u00a0\u00a0 <\/strong>Wir\u00a0\u00a0 konnten\u00a0\u00a0 ja\u00a0\u00a0 selbst feststellen, dass, wenn eine weitere Person ein Entst\u00f6rprodukt\u00a0\u00a0 am\u00a0\u00a0 K\u00f6rper\u00a0\u00a0 tr\u00e4gt,\u00a0\u00a0 sich der Klang \u00e4ndert. Dar\u00fcber haben wir schon beim New Living-Armband von Phonosophie berichtet. Was ist aber bei der Diamant- Technik anders als bei den bisherigen Produkten.<\/p>\n<p><strong>NM: <\/strong>Es ist grunds\u00e4tzlich keine neue Technik. In den \u00fcber vier Jahren Entwicklungszeit zwischen den bisherigen all-in-one- Produkten und den Diamant-Produkten hat sich meine Sichtweise durch neue Ideen deutlich erweitert. Dies f\u00fchrte zu sehr viel komplexeren Produkten mit weit \u00fcber 50 Informierungen im Gegensatz zu zwei Informierungen bei all-in-one. Einige Effekte sind mit der Theorie von Konstantin Meyl, mit der ich bisher haupts\u00e4chlich gearbeitet habe, allein unklar. Meyl\u00b4s Sklarwellen-Theorie mit Potentialwirbeln half mit, vieles im Bereich Felder, Antennenwirkung und Resonanzph\u00e4nomene von Kabeln und Ger\u00e4ten oder auch der Hausinstalationen besser zu verstehen. Dies f\u00fchrte zu Produkten wie Kabeln mit potentialfreien oder geerdeten Schirmen, zum Ground Optimizer, der bis zu 98 Prozent der Felder von Ger\u00e4ten reduziert oder Netzfiltern mit biologisch optimierter Bandbreite. Das meylsche Modell hat auf der Energieebene, also auf der zweiten Ebene nach Klinghardt, seine St\u00e4rke in der Praxis und der Entwicklung. Das Klinghardt-Modell und die Theorien, auf denen es aufbaut, schaffen Transparenz auf der dritten Ebene, auf der wir mit Informationen arbeiten. Das Biophotonen- Modell von Prof. Dr. Fritz-Albert Popp, das integraler Bestandteil dieses Systems ist, erkl\u00e4rt auch, warum wir enorme Wirkungen erzielen, wenn wir Lichtquellen im Raum oder auch Menschen informieren. Anstatt technische Ger\u00e4te zu entwickeln, die Informationen auf den Raum und damit auf den Musikh\u00f6rer \u00fcbertragen, ist es ungleich effizienter, einen anderen Musikh\u00f6rer als Sender zu gebrauchen. Daher verschenke ich bei meinen Workshops immer Entstressungsb\u00e4ndchen von Vortex HiFi. Das f\u00fchrt stets zu G\u00e4nsehauterlebnissen unter sonst \u00e4u\u00dferst schwierigen Verh\u00e4ltnissen. Ich bin \u00fcberzeugt davon, der Diamant-Standard ist der Abschluss meiner mehrj\u00e4hrigen Forschung und Entwicklung am Menschen.<\/p>\n<p>__________________________________________________________________________<\/p>\n<p>Hier k\u00f6nnen Sie den gesamten Test nachlesen:<\/p>\n<p><a href=\"https:\/\/das.raumtuning.info\/wp-content\/uploads\/2019\/09\/H%c3%b6rerlebnis-Vortex-Diamant-Generation.pdf\" target=\"_blank\" rel=\"https:\/\/das.raumtuning.info\/wp-content\/uploads\/2019\/09\/h%c3%b6rerlebnis-vortex-diamant-generation.pdf noopener noreferrer\"><img fetchpriority=\"high\" decoding=\"async\" data-attachment-id=\"4635\" data-permalink=\"https:\/\/das.raumtuning.info\/?attachment_id=4635\" data-orig-file=\"https:\/\/i0.wp.com\/das.raumtuning.info\/wp-content\/uploads\/2019\/09\/H\u00f6rerlebnis-Vortex-Diamant-Bild.jpg?fit=1443%2C2107&amp;ssl=1\" data-orig-size=\"1443,2107\" data-comments-opened=\"1\" data-image-meta=\"{&quot;aperture&quot;:&quot;0&quot;,&quot;credit&quot;:&quot;&quot;,&quot;camera&quot;:&quot;&quot;,&quot;caption&quot;:&quot;&quot;,&quot;created_timestamp&quot;:&quot;0&quot;,&quot;copyright&quot;:&quot;&quot;,&quot;focal_length&quot;:&quot;0&quot;,&quot;iso&quot;:&quot;0&quot;,&quot;shutter_speed&quot;:&quot;0&quot;,&quot;title&quot;:&quot;&quot;,&quot;orientation&quot;:&quot;0&quot;}\" data-image-title=\"H\u00f6rerlebnis Vortex Diamant Bild\" data-image-description=\"\" data-image-caption=\"\" data-medium-file=\"https:\/\/i0.wp.com\/das.raumtuning.info\/wp-content\/uploads\/2019\/09\/H\u00f6rerlebnis-Vortex-Diamant-Bild.jpg?fit=205%2C300&amp;ssl=1\" data-large-file=\"https:\/\/i0.wp.com\/das.raumtuning.info\/wp-content\/uploads\/2019\/09\/H\u00f6rerlebnis-Vortex-Diamant-Bild.jpg?fit=640%2C935&amp;ssl=1\" class=\"alignnone wp-image-4635 size-medium\" src=\"https:\/\/i0.wp.com\/das.raumtuning.info\/wp-content\/uploads\/2019\/09\/H\u00f6rerlebnis-Vortex-Diamant-Bild.jpg?resize=205%2C300\" alt=\"\" width=\"205\" height=\"300\" srcset=\"https:\/\/i0.wp.com\/das.raumtuning.info\/wp-content\/uploads\/2019\/09\/H\u00f6rerlebnis-Vortex-Diamant-Bild.jpg?resize=205%2C300&amp;ssl=1 205w, https:\/\/i0.wp.com\/das.raumtuning.info\/wp-content\/uploads\/2019\/09\/H\u00f6rerlebnis-Vortex-Diamant-Bild.jpg?resize=103%2C150&amp;ssl=1 103w, https:\/\/i0.wp.com\/das.raumtuning.info\/wp-content\/uploads\/2019\/09\/H\u00f6rerlebnis-Vortex-Diamant-Bild.jpg?resize=701%2C1024&amp;ssl=1 701w, https:\/\/i0.wp.com\/das.raumtuning.info\/wp-content\/uploads\/2019\/09\/H\u00f6rerlebnis-Vortex-Diamant-Bild.jpg?resize=526%2C768&amp;ssl=1 526w, https:\/\/i0.wp.com\/das.raumtuning.info\/wp-content\/uploads\/2019\/09\/H\u00f6rerlebnis-Vortex-Diamant-Bild.jpg?resize=100%2C146&amp;ssl=1 100w, https:\/\/i0.wp.com\/das.raumtuning.info\/wp-content\/uploads\/2019\/09\/H\u00f6rerlebnis-Vortex-Diamant-Bild.jpg?resize=150%2C219&amp;ssl=1 150w, https:\/\/i0.wp.com\/das.raumtuning.info\/wp-content\/uploads\/2019\/09\/H\u00f6rerlebnis-Vortex-Diamant-Bild.jpg?resize=200%2C292&amp;ssl=1 200w, https:\/\/i0.wp.com\/das.raumtuning.info\/wp-content\/uploads\/2019\/09\/H\u00f6rerlebnis-Vortex-Diamant-Bild.jpg?resize=300%2C438&amp;ssl=1 300w, https:\/\/i0.wp.com\/das.raumtuning.info\/wp-content\/uploads\/2019\/09\/H\u00f6rerlebnis-Vortex-Diamant-Bild.jpg?resize=450%2C657&amp;ssl=1 450w, https:\/\/i0.wp.com\/das.raumtuning.info\/wp-content\/uploads\/2019\/09\/H\u00f6rerlebnis-Vortex-Diamant-Bild.jpg?resize=600%2C876&amp;ssl=1 600w, https:\/\/i0.wp.com\/das.raumtuning.info\/wp-content\/uploads\/2019\/09\/H\u00f6rerlebnis-Vortex-Diamant-Bild.jpg?resize=900%2C1314&amp;ssl=1 900w, https:\/\/i0.wp.com\/das.raumtuning.info\/wp-content\/uploads\/2019\/09\/H\u00f6rerlebnis-Vortex-Diamant-Bild.jpg?w=1443&amp;ssl=1 1443w, https:\/\/i0.wp.com\/das.raumtuning.info\/wp-content\/uploads\/2019\/09\/H\u00f6rerlebnis-Vortex-Diamant-Bild.jpg?w=1280 1280w\" sizes=\"(max-width: 205px) 100vw, 205px\" data-recalc-dims=\"1\" \/><\/a><\/p>\n","protected":false,"gt_translate_keys":[{"key":"rendered","format":"html"}]},"excerpt":{"rendered":"<p>Wir haben da noch eine Frage? Unter der \u00dcberschrift: Wir haben da noch eine Frage &#8211; f\u00fchrte das Magazin f\u00fcr High Fidelity\u00a0 H\u00f6rerlebnis ein Interview mit Norbert Maurer \u00fcber die neuen Vortex HiFi Entst\u00f6rmittel im Diamant-Standard durch. Hier k\u00f6nnen Sie das gesammte Interview nachlesen. Viel Spa\u00df. Wir haben da noch eine Frage? \u00a0HE: In unseren vergangenen Tests \u00fcber Vortex HiFi-Kabel, Ground Optimizer oder die Power Optimizer-Netzfilter konnten wir deutliche Unterschiede h\u00f6ren. Diese klanglichen Differenzen erkl\u00e4rten Sie mit Einfl\u00fcssen von elektrischen&#8230;<\/p>\n<p class=\"read-more\"><a class=\"btn btn-default\" href=\"https:\/\/das.raumtuning.info\/?p=4642\">Weiterlesen<span class=\"screen-reader-text\"> Weiterlesen<\/span><\/a><\/p>\n","protected":false,"gt_translate_keys":[{"key":"rendered","format":"html"}]},"author":1,"featured_media":4652,"comment_status":"open","ping_status":"closed","sticky":false,"template":"","format":"standard","meta":{"jetpack_post_was_ever_published":false,"footnotes":"","jetpack_publicize_message":"","jetpack_is_tweetstorm":false,"jetpack_publicize_feature_enabled":true,"jetpack_social_post_already_shared":true,"jetpack_social_options":[]},"categories":[1],"tags":[],"class_list":["post-4642","post","type-post","status-publish","format-standard","has-post-thumbnail","hentry","category-uncategorized"],"jetpack_publicize_connections":[],"aioseo_notices":[],"jetpack_featured_media_url":"https:\/\/i0.wp.com\/das.raumtuning.info\/wp-content\/uploads\/2019\/09\/H\u00f6rerlebnis-Vortex-Diamant-Bild-3.jpg?fit=1443%2C826&ssl=1","jetpack_sharing_enabled":true,"jetpack_shortlink":"https:\/\/wp.me\/p4hjs0-1cS","jetpack-related-posts":[{"id":4670,"url":"https:\/\/das.raumtuning.info\/?p=4670","url_meta":{"origin":4642,"position":0},"title":"Vortex HiFi Workshop bei fastaudio Struttgart am 27. und 28. September","date":"14. September 2019","format":false,"excerpt":"Weltpremiere LS 6 Vario Lautsprecherkabel Norbert Maurer das Mastermind von Vortex HiFi ist am 27. und 28. September bei fastaudio, Thomas Fast in seinen HiFi-Studios in der Br\u00e4hlesgasse 21, Stuttgart (Bad Cannstatt) zu Gast.\u00a0 Neben vielen Raumtuningstools zur Entst\u00f6rung gibt es eine Weltpremiere zu sehen, das neue LS 6 Vario\u2026","rel":"","context":"In &quot;Neuheit&quot;","img":{"alt_text":"","src":"https:\/\/i0.wp.com\/das.raumtuning.info\/wp-content\/uploads\/2013\/12\/nm-augen.jpg?fit=1124%2C208&ssl=1&resize=350%2C200","width":350,"height":200},"classes":[]},{"id":6770,"url":"https:\/\/das.raumtuning.info\/?p=6770","url_meta":{"origin":4642,"position":1},"title":"Musik, Emotionen und Stress, Das neue Interview im H\u00f6rerlebnis mit Norbert Maurer","date":"27. M\u00e4rz 2023","format":false,"excerpt":"Ein Interview mit Norbert Maurer u\u0308ber die neuen Ground Optimizer von Vortex HiF In einem 9-seitigen Interview tauschen sich Marco Kolks (H\u00f6rerlebnis) und Norbert Maurer (Vortex HiFi) \u00fcber Musik, Emotionen und Stress aus. Norbert Maurer zeigt, wie Musik Emotionen beeinflussen kann. Aber auch wie Stress Emotionen beeinflussen kann. Norbert Maurer\u2026","rel":"","context":"Similar post","img":{"alt_text":"","src":"https:\/\/i0.wp.com\/das.raumtuning.info\/wp-content\/uploads\/2023\/03\/Cover-Ground-Optimizer-MKII-Head.jpg?fit=1200%2C595&ssl=1&resize=350%2C200","width":350,"height":200},"classes":[]},{"id":3830,"url":"https:\/\/das.raumtuning.info\/?p=3830","url_meta":{"origin":4642,"position":2},"title":"Willkommen auf den S\u00fcddeutschen HiFi Tagen","date":"23. August 2018","format":false,"excerpt":"Vortex HiFi bei fastaudio auf der H\u00f6rtest 2018 am 08. und 09. September 2018 Treffen Sie Norbert Maurer auf der H\u00f6rtest 2018 \u2013 die S\u00fcddeutschen HiFi-Tage in den R\u00e4umen von fastaudio. Ort: Holiday Inn Stuttgart, Mittlerer Pfad 25-27, 70499 Stuttgart Sie finden uns im 4.Stock, in den R\u00e4umen 406 und\u2026","rel":"","context":"In &quot;Workshop&quot;","img":{"alt_text":"","src":"https:\/\/i0.wp.com\/das.raumtuning.info\/wp-content\/uploads\/2018\/08\/Banner-S\u00fcddeutsche-HiFi-Tage.jpg?fit=970%2C250&ssl=1&resize=350%2C200","width":350,"height":200},"classes":[]},{"id":2112,"url":"https:\/\/das.raumtuning.info\/?p=2112","url_meta":{"origin":4642,"position":3},"title":"Termine: Norbert Maurer life","date":"17. Oktober 2015","format":false,"excerpt":"2020 - Aktuelle Termine Aufgrund der Infektionsgefahrt mit dem Coronavirus sind alle Workshops incl. dem Termin Anfang April abgesagt! Ziel der Workshops ist es, die Vortex HiFi Produkte erlebbar zu machen. Die neuen Vortex HiFi Produkte haben aber einen so un-glaublichen Einfluss auf Ihre K\u00f6rperkommunikation, dass wir dies mit Hilfe\u2026","rel":"","context":"In &quot;Produkte&quot;","img":{"alt_text":"","src":"https:\/\/i0.wp.com\/das.raumtuning.info\/wp-content\/uploads\/2015\/10\/norbert-maurer-kopf-2.jpg?fit=850%2C1200&ssl=1&resize=350%2C200","width":350,"height":200},"classes":[]},{"id":3928,"url":"https:\/\/das.raumtuning.info\/?p=3928","url_meta":{"origin":4642,"position":4},"title":"Vortex HiFi Neuheiten life erleben","date":"21. November 2018","format":false,"excerpt":"Letzte Neuheiten-Demo 2018 Samstag den 24. November 2018 und\u00a0Sonntag den 25. November 2018, findet der letzte Neuheiten - Workshop in diesem Jahr statt. Gastgeber ist Horst Insten von\u00a0ONOFF HiFi. Der Veranstaltungsort ist in der\u00a0Brodenbacher Str. 16, 56154 Boppard.\u00a0Aufgrund der begrenzten Teilnehmerzahl wird um Anmeldung gebeten. Diamant-Standard jetzt auch bei Standardentst\u00f6rmitteln\u2026","rel":"","context":"Similar post","img":{"alt_text":"","src":"https:\/\/i0.wp.com\/das.raumtuning.info\/wp-content\/uploads\/2018\/11\/Diamant.jpg?fit=1200%2C760&ssl=1&resize=350%2C200","width":350,"height":200},"classes":[]},{"id":6778,"url":"https:\/\/das.raumtuning.info\/?p=6778","url_meta":{"origin":4642,"position":5},"title":"HiFiToday Interview mit Siegfried Nehls \u00fcber energetisches Zubeh\u00f6r","date":"28. M\u00e4rz 2023","format":false,"excerpt":"\"Wir wollen erreichen, dass sich beim Musikh\u00f6ren G\u00e4nsehaut einstellt.\" Siegfried Nehls Siegfried Nehls ist eine Autorit\u00e4t in Sachen HiFi-Zubeh\u00f6r in Deutschland. Mit fast 50 Jahren Erfahrung im Bereich HiFi und HiFi-Zubeh\u00f6r wei\u00df er, wovon er spricht. Nehls wei\u00df, wie man HiFi-Anlagen auf h\u00f6chstem Niveau zum Klingen bringt und legt mit\u2026","rel":"","context":"Similar post","img":{"alt_text":"","src":"https:\/\/i0.wp.com\/das.raumtuning.info\/wp-content\/uploads\/2023\/03\/Siegfried-Nehls-e1680023525407.jpg?fit=1200%2C437&ssl=1&resize=350%2C200","width":350,"height":200},"classes":[]}],"gt_translate_keys":[{"key":"link","format":"url"}],"_links":{"self":[{"href":"https:\/\/das.raumtuning.info\/index.php?rest_route=\/wp\/v2\/posts\/4642","targetHints":{"allow":["GET"]}}],"collection":[{"href":"https:\/\/das.raumtuning.info\/index.php?rest_route=\/wp\/v2\/posts"}],"about":[{"href":"https:\/\/das.raumtuning.info\/index.php?rest_route=\/wp\/v2\/types\/post"}],"author":[{"embeddable":true,"href":"https:\/\/das.raumtuning.info\/index.php?rest_route=\/wp\/v2\/users\/1"}],"replies":[{"embeddable":true,"href":"https:\/\/das.raumtuning.info\/index.php?rest_route=%2Fwp%2Fv2%2Fcomments&post=4642"}],"version-history":[{"count":8,"href":"https:\/\/das.raumtuning.info\/index.php?rest_route=\/wp\/v2\/posts\/4642\/revisions"}],"predecessor-version":[{"id":4645,"href":"https:\/\/das.raumtuning.info\/index.php?rest_route=\/wp\/v2\/posts\/4642\/revisions\/4645"}],"wp:featuredmedia":[{"embeddable":true,"href":"https:\/\/das.raumtuning.info\/index.php?rest_route=\/wp\/v2\/media\/4652"}],"wp:attachment":[{"href":"https:\/\/das.raumtuning.info\/index.php?rest_route=%2Fwp%2Fv2%2Fmedia&parent=4642"}],"wp:term":[{"taxonomy":"category","embeddable":true,"href":"https:\/\/das.raumtuning.info\/index.php?rest_route=%2Fwp%2Fv2%2Fcategories&post=4642"},{"taxonomy":"post_tag","embeddable":true,"href":"https:\/\/das.raumtuning.info\/index.php?rest_route=%2Fwp%2Fv2%2Ftags&post=4642"}],"curies":[{"name":"wp","href":"https:\/\/api.w.org\/{rel}","templated":true}]}}