{"id":4659,"date":"2019-09-12T19:08:09","date_gmt":"2019-09-12T17:08:09","guid":{"rendered":"http:\/\/das.raumtuning.info\/?p=4659"},"modified":"2021-12-03T13:00:06","modified_gmt":"2021-12-03T12:00:06","slug":"workshop-wochenende-bei-hoert-sich-gut-an-in-bielefeld-am-20-und-21-september","status":"publish","type":"post","link":"https:\/\/das.raumtuning.info\/?p=4659","title":{"rendered":"Workshop &#8211; Wochenende bei H\u00f6rt sich gut an in Bielefeld am 20. und 21. September","gt_translate_keys":[{"key":"rendered","format":"text"}]},"content":{"rendered":"<h1>Workshop mit Norbert Maurer<\/h1>\n<p><strong>Lieber Musikh\u00f6rer,<\/strong><\/p>\n<p>Norbert Maurer, das Mastermind von Vortex HiFi, h\u00e4lt am 20. und 21. September einen Workshop bei <strong>\u201cH\u00f6rt sich Gut an\u201d<\/strong> in Bielefeld. Hier erfahren Sie, warum die Elektroakustik heute im HiFi an ihre Grenzen st\u00f6\u00dft und wie energetisches Zubeh\u00f6r diese Grenzen sprengen kann.<\/p>\n<ul>\n<li>Wussten Sie, dass es entscheidend f\u00fcr den Frequenzgang und die Impulswiedergabe ist aus welcher Richtung der Schall auf Ihren Kopf trifft (HRTF, siehe Messungen unten)?<\/li>\n<li>Wussten Sie das im HiFi -Stereo mit 2 Lautsprechern der Schall immer anders auf den Kopf auftrifft als im Konzertsaal?<\/li>\n<li>Wussten Sie das es daher mit 2 Lautsprechern grunds\u00e4tzlich nicht m\u00f6glich ist mehrere Instrumente exakt wiederzugeben?<\/li>\n<li>Wussten Sie das jedes Instrument individuell falsch ist. Durch den unterschiedlichen Ort der Schallquellen, horizontal und vertrikal, hat jeder Raumpunkt seinen eigenen Fehler im 2-Kanal HiFi!<\/li>\n<li>Wussten Sie das Ihr Geh\u00f6r v\u00f6llig verwirrt wird, das Rauminformationen des H\u00f6rraums aus v\u00f6llig falschen Richtungen auf Ihr Ohr treffen (Klatschen auf der B\u00fchne, usw)?<\/li>\n<li>Wussten Sie, dass die vertikalen Ferquenzgang- und Impulsverformungen durch ihren Kopf bei Lautsprecherwiedergabe durch Ihr H\u00f6rsystem nicht mehr zur\u00fcckgerechnet werden k\u00f6nnen?<\/li>\n<li>Wussten sie, dass der Frequenzgang und die Impulswiedergabe nicht korrigierbar immer v\u00f6llig falsch sind (HRTF, siehe Messungen unten)?<\/li>\n<li>Wussten Sie, dass Sie trotzdem eine dreidimensionale Musikwidergabe empfinden k\u00f6nnen, die Sie als nat\u00fcrlich und richtig empfinden?<\/li>\n<\/ul>\n<figure id=\"attachment_1942\" aria-describedby=\"caption-attachment-1942\" style=\"width: 443px\" class=\"wp-caption alignnone\"><a href=\"https:\/\/i0.wp.com\/das.raumtuning.info\/wp-content\/uploads\/2015\/05\/John-0-90-Grad.jpg\" target=\"_blank\" rel=\"noopener noreferrer\"><img fetchpriority=\"high\" decoding=\"async\" data-attachment-id=\"1942\" data-permalink=\"https:\/\/das.raumtuning.info\/?attachment_id=1942\" data-orig-file=\"https:\/\/i0.wp.com\/das.raumtuning.info\/wp-content\/uploads\/2015\/05\/John-0-90-Grad.jpg?fit=2048%2C1536&amp;ssl=1\" data-orig-size=\"2048,1536\" data-comments-opened=\"1\" data-image-meta=\"{&quot;aperture&quot;:&quot;0&quot;,&quot;credit&quot;:&quot;&quot;,&quot;camera&quot;:&quot;&quot;,&quot;caption&quot;:&quot;&quot;,&quot;created_timestamp&quot;:&quot;0&quot;,&quot;copyright&quot;:&quot;&quot;,&quot;focal_length&quot;:&quot;0&quot;,&quot;iso&quot;:&quot;0&quot;,&quot;shutter_speed&quot;:&quot;0&quot;,&quot;title&quot;:&quot;&quot;,&quot;orientation&quot;:&quot;0&quot;}\" data-image-title=\"John-0-90-Grad\" data-image-description=\"\" data-image-caption=\"\" data-medium-file=\"https:\/\/i0.wp.com\/das.raumtuning.info\/wp-content\/uploads\/2015\/05\/John-0-90-Grad.jpg?fit=300%2C225&amp;ssl=1\" data-large-file=\"https:\/\/i0.wp.com\/das.raumtuning.info\/wp-content\/uploads\/2015\/05\/John-0-90-Grad.jpg?fit=640%2C480&amp;ssl=1\" class=\"wp-image-1942\" src=\"https:\/\/i0.wp.com\/das.raumtuning.info\/wp-content\/uploads\/2015\/05\/John-0-90-Grad.jpg?resize=443%2C332\" alt=\"\" width=\"443\" height=\"332\" srcset=\"https:\/\/i0.wp.com\/das.raumtuning.info\/wp-content\/uploads\/2015\/05\/John-0-90-Grad.jpg?resize=300%2C225&amp;ssl=1 300w, https:\/\/i0.wp.com\/das.raumtuning.info\/wp-content\/uploads\/2015\/05\/John-0-90-Grad.jpg?resize=1024%2C768&amp;ssl=1 1024w, https:\/\/i0.wp.com\/das.raumtuning.info\/wp-content\/uploads\/2015\/05\/John-0-90-Grad.jpg?resize=900%2C675&amp;ssl=1 900w, https:\/\/i0.wp.com\/das.raumtuning.info\/wp-content\/uploads\/2015\/05\/John-0-90-Grad.jpg?w=2048&amp;ssl=1 2048w, https:\/\/i0.wp.com\/das.raumtuning.info\/wp-content\/uploads\/2015\/05\/John-0-90-Grad.jpg?w=1280 1280w, https:\/\/i0.wp.com\/das.raumtuning.info\/wp-content\/uploads\/2015\/05\/John-0-90-Grad.jpg?w=1920 1920w\" sizes=\"(max-width: 443px) 100vw, 443px\" data-recalc-dims=\"1\" \/><\/a><figcaption id=\"caption-attachment-1942\" class=\"wp-caption-text\">Frequenzverl\u00e4ufe des rechten Ohres, je nach Winkel mit dem der Schall auf den Kopf trifft. Der Winkel ver\u00e4ndert den Frequenzgang im Geh\u00f6rgang um \u00fcber 20dB!<\/figcaption><\/figure>\n<figure id=\"attachment_1943\" aria-describedby=\"caption-attachment-1943\" style=\"width: 444px\" class=\"wp-caption alignnone\"><a href=\"https:\/\/i0.wp.com\/das.raumtuning.info\/wp-content\/uploads\/2015\/05\/John-2-Kanal-vs-1-Kanal-30-Grad-rechtes-Ohr.jpg\" target=\"_blank\" rel=\"noopener noreferrer\"><img decoding=\"async\" data-attachment-id=\"1943\" data-permalink=\"https:\/\/das.raumtuning.info\/?attachment_id=1943\" data-orig-file=\"https:\/\/i0.wp.com\/das.raumtuning.info\/wp-content\/uploads\/2015\/05\/John-2-Kanal-vs-1-Kanal-30-Grad-rechtes-Ohr.jpg?fit=2048%2C1536&amp;ssl=1\" data-orig-size=\"2048,1536\" data-comments-opened=\"1\" data-image-meta=\"{&quot;aperture&quot;:&quot;0&quot;,&quot;credit&quot;:&quot;&quot;,&quot;camera&quot;:&quot;&quot;,&quot;caption&quot;:&quot;&quot;,&quot;created_timestamp&quot;:&quot;0&quot;,&quot;copyright&quot;:&quot;&quot;,&quot;focal_length&quot;:&quot;0&quot;,&quot;iso&quot;:&quot;0&quot;,&quot;shutter_speed&quot;:&quot;0&quot;,&quot;title&quot;:&quot;&quot;,&quot;orientation&quot;:&quot;0&quot;}\" data-image-title=\"John-2-Kanal-vs-1-Kanal-30-Grad-rechtes-Ohr\" data-image-description=\"\" data-image-caption=\"\" data-medium-file=\"https:\/\/i0.wp.com\/das.raumtuning.info\/wp-content\/uploads\/2015\/05\/John-2-Kanal-vs-1-Kanal-30-Grad-rechtes-Ohr.jpg?fit=300%2C225&amp;ssl=1\" data-large-file=\"https:\/\/i0.wp.com\/das.raumtuning.info\/wp-content\/uploads\/2015\/05\/John-2-Kanal-vs-1-Kanal-30-Grad-rechtes-Ohr.jpg?fit=640%2C480&amp;ssl=1\" class=\"wp-image-1943\" src=\"https:\/\/i0.wp.com\/das.raumtuning.info\/wp-content\/uploads\/2015\/05\/John-2-Kanal-vs-1-Kanal-30-Grad-rechtes-Ohr.jpg?resize=444%2C333\" alt=\"\" width=\"444\" height=\"333\" srcset=\"https:\/\/i0.wp.com\/das.raumtuning.info\/wp-content\/uploads\/2015\/05\/John-2-Kanal-vs-1-Kanal-30-Grad-rechtes-Ohr.jpg?resize=300%2C225&amp;ssl=1 300w, https:\/\/i0.wp.com\/das.raumtuning.info\/wp-content\/uploads\/2015\/05\/John-2-Kanal-vs-1-Kanal-30-Grad-rechtes-Ohr.jpg?resize=1024%2C768&amp;ssl=1 1024w, https:\/\/i0.wp.com\/das.raumtuning.info\/wp-content\/uploads\/2015\/05\/John-2-Kanal-vs-1-Kanal-30-Grad-rechtes-Ohr.jpg?resize=900%2C675&amp;ssl=1 900w, https:\/\/i0.wp.com\/das.raumtuning.info\/wp-content\/uploads\/2015\/05\/John-2-Kanal-vs-1-Kanal-30-Grad-rechtes-Ohr.jpg?w=2048&amp;ssl=1 2048w, https:\/\/i0.wp.com\/das.raumtuning.info\/wp-content\/uploads\/2015\/05\/John-2-Kanal-vs-1-Kanal-30-Grad-rechtes-Ohr.jpg?w=1280 1280w, https:\/\/i0.wp.com\/das.raumtuning.info\/wp-content\/uploads\/2015\/05\/John-2-Kanal-vs-1-Kanal-30-Grad-rechtes-Ohr.jpg?w=1920 1920w\" sizes=\"(max-width: 444px) 100vw, 444px\" data-recalc-dims=\"1\" \/><\/a><figcaption id=\"caption-attachment-1943\" class=\"wp-caption-text\">Fehlerkurve! Abweichung des Frequnzgangs einer realen Schallquelle in der Mitte zur \u00dcbertragung \u00fcber 2 Lautsprecher im 30Grad Stereodreieck. Diese Kurve ist prim\u00e4r durch den Kopf bedingt und nicht durch den Raum oder die Lautsprecher.<\/figcaption><\/figure>\n<figure id=\"attachment_4663\" aria-describedby=\"caption-attachment-4663\" style=\"width: 240px\" class=\"wp-caption aligncenter\"><a href=\"https:\/\/i0.wp.com\/das.raumtuning.info\/wp-content\/uploads\/2019\/09\/Dummy-Head-John.jpg\" target=\"_blank\" rel=\"noopener noreferrer\"><img decoding=\"async\" data-attachment-id=\"4663\" data-permalink=\"https:\/\/das.raumtuning.info\/?attachment_id=4663\" data-orig-file=\"https:\/\/i0.wp.com\/das.raumtuning.info\/wp-content\/uploads\/2019\/09\/Dummy-Head-John.jpg?fit=800%2C1135&amp;ssl=1\" data-orig-size=\"800,1135\" data-comments-opened=\"1\" data-image-meta=\"{&quot;aperture&quot;:&quot;0&quot;,&quot;credit&quot;:&quot;&quot;,&quot;camera&quot;:&quot;&quot;,&quot;caption&quot;:&quot;&quot;,&quot;created_timestamp&quot;:&quot;0&quot;,&quot;copyright&quot;:&quot;&quot;,&quot;focal_length&quot;:&quot;0&quot;,&quot;iso&quot;:&quot;0&quot;,&quot;shutter_speed&quot;:&quot;0&quot;,&quot;title&quot;:&quot;&quot;,&quot;orientation&quot;:&quot;0&quot;}\" data-image-title=\"Dummy Head John\" data-image-description=\"\" data-image-caption=\"\" data-medium-file=\"https:\/\/i0.wp.com\/das.raumtuning.info\/wp-content\/uploads\/2019\/09\/Dummy-Head-John.jpg?fit=211%2C300&amp;ssl=1\" data-large-file=\"https:\/\/i0.wp.com\/das.raumtuning.info\/wp-content\/uploads\/2019\/09\/Dummy-Head-John.jpg?fit=640%2C908&amp;ssl=1\" class=\"wp-image-4663 \" src=\"https:\/\/i0.wp.com\/das.raumtuning.info\/wp-content\/uploads\/2019\/09\/Dummy-Head-John.jpg?resize=240%2C341\" alt=\"\" width=\"240\" height=\"341\" srcset=\"https:\/\/i0.wp.com\/das.raumtuning.info\/wp-content\/uploads\/2019\/09\/Dummy-Head-John.jpg?resize=211%2C300&amp;ssl=1 211w, https:\/\/i0.wp.com\/das.raumtuning.info\/wp-content\/uploads\/2019\/09\/Dummy-Head-John.jpg?resize=106%2C150&amp;ssl=1 106w, https:\/\/i0.wp.com\/das.raumtuning.info\/wp-content\/uploads\/2019\/09\/Dummy-Head-John.jpg?resize=722%2C1024&amp;ssl=1 722w, https:\/\/i0.wp.com\/das.raumtuning.info\/wp-content\/uploads\/2019\/09\/Dummy-Head-John.jpg?resize=541%2C768&amp;ssl=1 541w, https:\/\/i0.wp.com\/das.raumtuning.info\/wp-content\/uploads\/2019\/09\/Dummy-Head-John.jpg?w=800&amp;ssl=1 800w\" sizes=\"(max-width: 240px) 100vw, 240px\" data-recalc-dims=\"1\" \/><\/a><figcaption id=\"caption-attachment-4663\" class=\"wp-caption-text\">Die oberen Messungen wurden am Dummy Head John mit Mikrofonen OKM II Klassik Studio von Soundman durchgef\u00fchrt. Jeder Kopf ist nat\u00fcrlich anders so das die Messung nur eine Beispielmessung ist.<\/figcaption><\/figure>\n<figure id=\"attachment_4666\" aria-describedby=\"caption-attachment-4666\" style=\"width: 265px\" class=\"wp-caption alignleft\"><a href=\"https:\/\/i0.wp.com\/das.raumtuning.info\/wp-content\/uploads\/2019\/09\/Kopfbezogene-U\u0308bertragungsfunktionen-bei-0GradSengpielUdK-Berlin.jpg\" target=\"_blank\" rel=\"noopener noreferrer\"><img loading=\"lazy\" decoding=\"async\" data-attachment-id=\"4666\" data-permalink=\"https:\/\/das.raumtuning.info\/?attachment_id=4666\" data-orig-file=\"https:\/\/i0.wp.com\/das.raumtuning.info\/wp-content\/uploads\/2019\/09\/Kopfbezogene-U\u0308bertragungsfunktionen-bei-0GradSengpielUdK-Berlin.jpg?fit=453%2C513&amp;ssl=1\" data-orig-size=\"453,513\" data-comments-opened=\"1\" data-image-meta=\"{&quot;aperture&quot;:&quot;0&quot;,&quot;credit&quot;:&quot;&quot;,&quot;camera&quot;:&quot;&quot;,&quot;caption&quot;:&quot;&quot;,&quot;created_timestamp&quot;:&quot;0&quot;,&quot;copyright&quot;:&quot;&quot;,&quot;focal_length&quot;:&quot;0&quot;,&quot;iso&quot;:&quot;0&quot;,&quot;shutter_speed&quot;:&quot;0&quot;,&quot;title&quot;:&quot;&quot;,&quot;orientation&quot;:&quot;0&quot;}\" data-image-title=\"Kopfbezogene U\u0308bertragungsfunktionen bei 0GradSengpielUdK Berlin\" data-image-description=\"\" data-image-caption=\"\" data-medium-file=\"https:\/\/i0.wp.com\/das.raumtuning.info\/wp-content\/uploads\/2019\/09\/Kopfbezogene-U\u0308bertragungsfunktionen-bei-0GradSengpielUdK-Berlin.jpg?fit=265%2C300&amp;ssl=1\" data-large-file=\"https:\/\/i0.wp.com\/das.raumtuning.info\/wp-content\/uploads\/2019\/09\/Kopfbezogene-U\u0308bertragungsfunktionen-bei-0GradSengpielUdK-Berlin.jpg?fit=453%2C513&amp;ssl=1\" class=\"wp-image-4666 size-medium\" src=\"https:\/\/i0.wp.com\/das.raumtuning.info\/wp-content\/uploads\/2019\/09\/Kopfbezogene-U\u0308bertragungsfunktionen-bei-0GradSengpielUdK-Berlin.jpg?resize=265%2C300\" alt=\"\" width=\"265\" height=\"300\" srcset=\"https:\/\/i0.wp.com\/das.raumtuning.info\/wp-content\/uploads\/2019\/09\/Kopfbezogene-U\u0308bertragungsfunktionen-bei-0GradSengpielUdK-Berlin.jpg?resize=265%2C300&amp;ssl=1 265w, https:\/\/i0.wp.com\/das.raumtuning.info\/wp-content\/uploads\/2019\/09\/Kopfbezogene-U\u0308bertragungsfunktionen-bei-0GradSengpielUdK-Berlin.jpg?resize=132%2C150&amp;ssl=1 132w, https:\/\/i0.wp.com\/das.raumtuning.info\/wp-content\/uploads\/2019\/09\/Kopfbezogene-U\u0308bertragungsfunktionen-bei-0GradSengpielUdK-Berlin.jpg?w=453&amp;ssl=1 453w\" sizes=\"(max-width: 265px) 100vw, 265px\" data-recalc-dims=\"1\" \/><\/a><figcaption id=\"caption-attachment-4666\" class=\"wp-caption-text\">Bild aus PDF von Sengpiel, UdK Berlin<\/figcaption><\/figure>\n<p>Die Kopfbezogenen \u00dcbertragungsfunktionen sind so individuell wie jeder Mensch. So sind auch die Fehler durch die 2-Kanal HiFi-Stereo \u00dcbertragung bei jedem Mensch anders falsch. Siehe links die HRTF\u00b4s von unterschiedlichen Menschen und den Mittelwert (wei\u00df).<\/p>\n<p>&nbsp;<\/p>\n<h5>Stressfreiheit schafft einen nat\u00fcrlichen Klang!<\/h5>\n<p>Der Grund daf\u00fcr, dass Sie trotz v\u00f6llig falscher Informationen f\u00fcr Ihr Ohr durch das \u00dcbertragungssystem nat\u00fcrlich h\u00f6ren k\u00f6nnen ist, dass Sie <em><strong>nicht<\/strong><\/em> h\u00f6ren was akustisch da ist, sondern interpretieren und korrigieren. Dazu m\u00fcssen Sie stressfrei sein und dazu brauchen Sie in der heutigen Umwelt Vortex HiFi!<\/p>\n<h4><strong>Dazu ein Testzitat aus dem werbefreien H\u00f6rerlebnis von Robert Schmitz-Niehaus:<\/strong><\/h4>\n<blockquote><p>\u201cEs ist zugegeben schwer zu glauben, dass sich auch diese Ma\u00dfnahmen in meinem H\u00f6rraum so deutlich bemerkbar machen. Wieviel Klangpotential habe ich in der Vergangenheit blo\u00df verschenkt, obwohl ich mit einer sensibel abgestimmten, sehr hochwertigen Kette h\u00f6re? Es ist ja auch nicht so, dass ich vorher unzufrieden war. <strong>Ich habe nur nicht gewusst, wieviel aus meiner Anlage noch herauszuholen ist<\/strong>.\u201d<\/p><\/blockquote>\n<h4>Erleben Sie selbst was im HiFi-Stereo heute m\u00f6glich ist! Wir freuen uns auf Sie!<\/h4>\n<h6>Veranstaltungsort:<\/h6>\n<p>H\u00f6rt sich Gut an GmbH<br \/>\nZimmerstrasse 8<br \/>\n33602 Bielefeld<br \/>\n<a href=\"https:\/\/www.hsga-gmbh.de\">https:\/\/www.hsga-gmbh.de<\/a><br \/>\nFon: 0521-130226<br \/>\nE-Mail: <a>voice@hsga-gmbh.de<\/a><\/p>\n","protected":false,"gt_translate_keys":[{"key":"rendered","format":"html"}]},"excerpt":{"rendered":"<p>Workshop mit Norbert Maurer Lieber Musikh\u00f6rer, Norbert Maurer, das Mastermind von Vortex HiFi, h\u00e4lt am 20. und 21. September einen Workshop bei \u201cH\u00f6rt sich Gut an\u201d in Bielefeld. Hier erfahren Sie, warum die Elektroakustik heute im HiFi an ihre Grenzen st\u00f6\u00dft und wie energetisches Zubeh\u00f6r diese Grenzen sprengen kann. Wussten Sie, dass es entscheidend f\u00fcr den Frequenzgang und die Impulswiedergabe ist aus welcher Richtung der Schall auf Ihren Kopf trifft (HRTF, siehe Messungen unten)? Wussten Sie das im HiFi -Stereo&#8230;<\/p>\n<p class=\"read-more\"><a class=\"btn btn-default\" href=\"https:\/\/das.raumtuning.info\/?p=4659\">Weiterlesen<span class=\"screen-reader-text\"> Weiterlesen<\/span><\/a><\/p>\n","protected":false,"gt_translate_keys":[{"key":"rendered","format":"html"}]},"author":1,"featured_media":2974,"comment_status":"open","ping_status":"closed","sticky":false,"template":"","format":"standard","meta":{"jetpack_post_was_ever_published":false,"footnotes":"","jetpack_publicize_message":"","jetpack_is_tweetstorm":false,"jetpack_publicize_feature_enabled":true,"jetpack_social_post_already_shared":true,"jetpack_social_options":[]},"categories":[1],"tags":[],"class_list":["post-4659","post","type-post","status-publish","format-standard","has-post-thumbnail","hentry","category-uncategorized"],"jetpack_publicize_connections":[],"aioseo_notices":[],"jetpack_featured_media_url":"https:\/\/i0.wp.com\/das.raumtuning.info\/wp-content\/uploads\/2013\/12\/nm-augen.jpg?fit=1124%2C208&ssl=1","jetpack_sharing_enabled":true,"jetpack_shortlink":"https:\/\/wp.me\/p4hjs0-1d9","jetpack-related-posts":[{"id":3842,"url":"https:\/\/das.raumtuning.info\/?p=3842","url_meta":{"origin":4659,"position":0},"title":"Da h\u00e4tten wir noch \u2018ne Frage?","date":"27. August 2018","format":false,"excerpt":"Norbert Maurer wurde vom Magazin f\u00fcr High Fidelity - H\u00f6rerlebnis - zu den Vortex HiFi Kabeln befragt. Hier das Interview. HE: Wenn man sich Ihre Kabel n\u00e4her anschaut, findet man v\u00f6llig neue technische Details, die so in der HiFi-Szene nicht bekannt sind und gew\u00f6hnlich in der Baubiologie oder in der\u2026","rel":"","context":"In &quot;Testberichte&quot;","img":{"alt_text":"","src":"https:\/\/i0.wp.com\/das.raumtuning.info\/wp-content\/uploads\/2018\/08\/H\u00f6rerlebnis-titel-beschnitten.jpg?fit=1045%2C658&ssl=1&resize=350%2C200","width":350,"height":200},"classes":[]},{"id":3830,"url":"https:\/\/das.raumtuning.info\/?p=3830","url_meta":{"origin":4659,"position":1},"title":"Willkommen auf den S\u00fcddeutschen HiFi Tagen","date":"23. August 2018","format":false,"excerpt":"Vortex HiFi bei fastaudio auf der H\u00f6rtest 2018 am 08. und 09. September 2018 Treffen Sie Norbert Maurer auf der H\u00f6rtest 2018 \u2013 die S\u00fcddeutschen HiFi-Tage in den R\u00e4umen von fastaudio. Ort: Holiday Inn Stuttgart, Mittlerer Pfad 25-27, 70499 Stuttgart Sie finden uns im 4.Stock, in den R\u00e4umen 406 und\u2026","rel":"","context":"In &quot;Workshop&quot;","img":{"alt_text":"","src":"https:\/\/i0.wp.com\/das.raumtuning.info\/wp-content\/uploads\/2018\/08\/Banner-S\u00fcddeutsche-HiFi-Tage.jpg?fit=970%2C250&ssl=1&resize=350%2C200","width":350,"height":200},"classes":[]},{"id":1860,"url":"https:\/\/das.raumtuning.info\/?p=1860","url_meta":{"origin":4659,"position":2},"title":"Workshop 1: Energetisches Zubeh\u00f6r in Theorie und Praxis","date":"2. September 2015","format":false,"excerpt":"Der Basis-Workshop zum Verst\u00e4ndnis der Grundlagen energetischen Zubeh\u00f6rs Unter dem Thema: Energetisches Zubeh\u00f6r in Theorie und Praxis, werden im Workshop einerseits eindrucksvoll die Grenzen heutiger Elektroakustik bei der \u00dcbertragung von Musik demonstriert. Andererseits zeigt Norbert Maurer mit energetischem Zubeh\u00f6r von Vortex HiFi auf, was \u201eMusik entsteht im Kopf\u201c wirklich bedeutet.\u2026","rel":"","context":"In &quot;L\u00f6sungen&quot;","img":{"alt_text":"","src":"https:\/\/i0.wp.com\/das.raumtuning.info\/wp-content\/uploads\/2015\/05\/Workshop-Direktschall.png?fit=1200%2C675&ssl=1&resize=350%2C200","width":350,"height":200},"classes":[]},{"id":2112,"url":"https:\/\/das.raumtuning.info\/?p=2112","url_meta":{"origin":4659,"position":3},"title":"Termine: Norbert Maurer life","date":"17. Oktober 2015","format":false,"excerpt":"2020 - Aktuelle Termine Aufgrund der Infektionsgefahrt mit dem Coronavirus sind alle Workshops incl. dem Termin Anfang April abgesagt! Ziel der Workshops ist es, die Vortex HiFi Produkte erlebbar zu machen. Die neuen Vortex HiFi Produkte haben aber einen so un-glaublichen Einfluss auf Ihre K\u00f6rperkommunikation, dass wir dies mit Hilfe\u2026","rel":"","context":"In &quot;Produkte&quot;","img":{"alt_text":"","src":"https:\/\/i0.wp.com\/das.raumtuning.info\/wp-content\/uploads\/2015\/10\/norbert-maurer-kopf-2.jpg?fit=850%2C1200&ssl=1&resize=350%2C200","width":350,"height":200},"classes":[]},{"id":5846,"url":"https:\/\/das.raumtuning.info\/?p=5846","url_meta":{"origin":4659,"position":4},"title":"Norbert Maurer im Interview mit Frank Wacker, HiFiToday","date":"24. September 2021","format":false,"excerpt":"Norbert Maurer spricht \u00fcber seine St\u00f6rertheorie mit Frank Wacker im HiFi-Today Hier link zum Original Interview Sie k\u00f6nnen aber auch das Interview vom 23.09.2021 hier lesen. Frank Wacker: Herr Maurer, statt die Hifi-Anlage zu optimieren, geht es bei VORTEX Hifi um die Entstressung des Menschen f\u00fcr ein nat\u00fcrliches H\u00f6rempfinden. Ein\u2026","rel":"","context":"Similar post","img":{"alt_text":"","src":"https:\/\/i0.wp.com\/img.youtube.com\/vi\/czCBYnDOVSk\/0.jpg?resize=350%2C200","width":350,"height":200},"classes":[]},{"id":3470,"url":"https:\/\/das.raumtuning.info\/?p=3470","url_meta":{"origin":4659,"position":5},"title":"2019 &#8211; Workshop &#8211; &#8220;Musik entsteht im Kopf und Klangerhaltung der HiFi-kette&#8221;","date":"13. M\u00e4rz 2018","format":false,"excerpt":"2019 - Aktuelle Termine im \u00dcberblick ___________________________________________________________________________ Fr. 22. M\u00e4rz 2018, 17:00 - 19:00 Uhr,\u00a0 HiFi-Lounge, 08060\u00a0Zwickau, Marienthaler Str. 143 (Tel.:0375 \/ 5674895) Sa. 23. M\u00e4rz 2018, 10:00 - 15:00 Uhr, HiFi-Lounge, 08060\u00a0Zwickau, Marienthaler Str. 143 (Tel.:0375 \/ 5674895) Inhalt der Workshops 2019: Schall ist \u00fcberall um Sie herum -\u2026","rel":"","context":"Similar post","img":{"alt_text":"","src":"https:\/\/i0.wp.com\/das.raumtuning.info\/wp-content\/uploads\/2018\/03\/Das-Vortex-HiFi-System.png?fit=1158%2C1158&ssl=1&resize=350%2C200","width":350,"height":200},"classes":[]}],"gt_translate_keys":[{"key":"link","format":"url"}],"_links":{"self":[{"href":"https:\/\/das.raumtuning.info\/index.php?rest_route=\/wp\/v2\/posts\/4659","targetHints":{"allow":["GET"]}}],"collection":[{"href":"https:\/\/das.raumtuning.info\/index.php?rest_route=\/wp\/v2\/posts"}],"about":[{"href":"https:\/\/das.raumtuning.info\/index.php?rest_route=\/wp\/v2\/types\/post"}],"author":[{"embeddable":true,"href":"https:\/\/das.raumtuning.info\/index.php?rest_route=\/wp\/v2\/users\/1"}],"replies":[{"embeddable":true,"href":"https:\/\/das.raumtuning.info\/index.php?rest_route=%2Fwp%2Fv2%2Fcomments&post=4659"}],"version-history":[{"count":8,"href":"https:\/\/das.raumtuning.info\/index.php?rest_route=\/wp\/v2\/posts\/4659\/revisions"}],"predecessor-version":[{"id":6085,"href":"https:\/\/das.raumtuning.info\/index.php?rest_route=\/wp\/v2\/posts\/4659\/revisions\/6085"}],"wp:featuredmedia":[{"embeddable":true,"href":"https:\/\/das.raumtuning.info\/index.php?rest_route=\/wp\/v2\/media\/2974"}],"wp:attachment":[{"href":"https:\/\/das.raumtuning.info\/index.php?rest_route=%2Fwp%2Fv2%2Fmedia&parent=4659"}],"wp:term":[{"taxonomy":"category","embeddable":true,"href":"https:\/\/das.raumtuning.info\/index.php?rest_route=%2Fwp%2Fv2%2Fcategories&post=4659"},{"taxonomy":"post_tag","embeddable":true,"href":"https:\/\/das.raumtuning.info\/index.php?rest_route=%2Fwp%2Fv2%2Ftags&post=4659"}],"curies":[{"name":"wp","href":"https:\/\/api.w.org\/{rel}","templated":true}]}}